{"id":131123,"date":"2025-05-27T06:30:13","date_gmt":"2025-05-27T06:30:13","guid":{"rendered":"https:\/\/www.europesays.com\/fr\/131123\/"},"modified":"2025-05-27T06:30:13","modified_gmt":"2025-05-27T06:30:13","slug":"les-valeurs-a-suivre-a-paris-et-en-europe-actualise-27-05-2025-a-0809","status":"publish","type":"post","link":"https:\/\/www.europesays.com\/fr\/131123\/","title":{"rendered":"Les valeurs \u00e0 suivre \u00e0 Paris et en Europe (actualis\u00e9) &#8211; 27\/05\/2025 \u00e0 08:09"},"content":{"rendered":"<p>\n (Actualis\u00e9 avec secteur automobile et Clariant\/OMV)\n<\/p>\n<p>\n *\n<\/p>\n<p>\n Variation des futures sur indice CAC 40  0#FCE:\n<\/p>\n<p>\n *\n<\/p>\n<p>\n Variation des futures sur indice Stoxx 600  0#FXXP:\n<\/p>\n<p>\n *\n<\/p>\n<p>\n Valeurs qui se traitent ex-dividende  .EX.PA\n<\/p>\n<p>\n *\n<\/p>\n<p>\n Le point sur les march\u00e9s europ\u00e9ens  .EUFR\n<\/p>\n<p>\n Les valeurs \u00e0 suivre mardi \u00e0<br \/>\nla Bourse de Paris et en Europe :\n<\/p>\n<p>\n * SECTEUR AUTOMOBILE &#8211; Les ventes de voitures en Europe<br \/>\nsont rest\u00e9es le mois dernier quasiment stables par rapport \u00e0<br \/>\navril 2024, marquant un l\u00e9ger repli de 0,3%, selon les donn\u00e9es<br \/>\npubli\u00e9es mardi par l&rsquo;Association des constructeurs europ\u00e9ens<br \/>\nd&rsquo;automobile (\n<\/p>\n<p>\n ACEA\n<\/p>\n<p>\n ).\n<\/p>\n<p>\n * AMUNDI<br \/>\n <a href=\"https:\/\/www.boursorama.com\/cours\/1rPAMUN\/\" rel=\"nofollow noopener\" target=\"_blank\"><br \/>\n  AMUN.PA<br \/>\n <\/a><br \/>\n , premier gestionnaire d&rsquo;actifs europ\u00e9ens,<br \/>\ncontr\u00f4l\u00e9 par CR\u00c9DIT AGRICOLE<br \/>\n <a href=\"https:\/\/www.boursorama.com\/cours\/1rPACA\/\" rel=\"nofollow noopener\" target=\"_blank\"><br \/>\n  CAGR.PA<br \/>\n <\/a><br \/>\n tient ce mardi son<br \/>\nassembl\u00e9e g\u00e9n\u00e9rale.\n<\/p>\n<p>\n * SOITEC<br \/>\n <a href=\"https:\/\/www.boursorama.com\/cours\/1rPSOI\/\" rel=\"nofollow noopener\" target=\"_blank\"><br \/>\n  SOIT.PA<br \/>\n <\/a><br \/>\n publiera ses r\u00e9sultats annuels apr\u00e8s la<br \/>\ncl\u00f4ture de la Bourse de Paris.\n<\/p>\n<p>\n * JCDECAUX<br \/>\n <a href=\"https:\/\/www.boursorama.com\/cours\/1rPDEC\/\" rel=\"nofollow noopener\" target=\"_blank\"><br \/>\n  JCDX.PA<br \/>\n <\/a><br \/>\n a annonc\u00e9 lundi que JCDecaux Airport<br \/>\navait sign\u00e9 un partenariat avec Airport International Group.\n<\/p>\n<p>\n * CLARIANT<br \/>\n <a href=\"https:\/\/www.boursorama.com\/cours\/2aCLN\/\" rel=\"nofollow noopener\" target=\"_blank\"><br \/>\n  CLN.S<br \/>\n <\/a><br \/>\n , OMV<br \/>\n <a href=\"https:\/\/www.boursorama.com\/cours\/2u0MKH.LQ\/\" rel=\"nofollow noopener\" target=\"_blank\"><br \/>\n  OMVV.VI<br \/>\n <\/a><br \/>\n &#8211; Le groupe autrichien<br \/>\nd&rsquo;\u00e9nergie r\u00e9clame au chimiste suisse des dommages et int\u00e9r\u00eats<br \/>\nd&rsquo;un milliard d&rsquo;euros pour infraction au droit de la concurrence<br \/>\nsur le march\u00e9 de l&rsquo;achat d&rsquo;\u00e9thyl\u00e8ne, a annonc\u00e9 mardi Clariant,<br \/>\nqui rejette fermement de telles accusations.\n<\/p>\n<p>\n * TRATON<br \/>\n <a href=\"https:\/\/www.boursorama.com\/cours\/1z8TRA\/\" rel=\"nofollow noopener\" target=\"_blank\"><br \/>\n  8TRA.DE<br \/>\n <\/a><br \/>\n , propri\u00e9taire de Scania, lancera en<br \/>\noctobre un centre de production chinois pour la marque, d&rsquo;une<br \/>\nvaleur de deux milliards d&rsquo;euros, sa troisi\u00e8me base de<br \/>\nproduction mondiale aux c\u00f4t\u00e9s de ses sites en Su\u00e8de et au<br \/>\nBr\u00e9sil, a d\u00e9clar\u00e9 le directeur g\u00e9n\u00e9ral Christian Levin dans une<br \/>\ninterview.\n<\/p>\n<p>\n * INTESA SANPAOLO<br \/>\n <a href=\"https:\/\/www.boursorama.com\/cours\/1gISP\/\" rel=\"nofollow noopener\" target=\"_blank\"><br \/>\n  ISP.MI<br \/>\n <\/a><br \/>\n &#8211; L&rsquo;administrateur d\u00e9l\u00e9gu\u00e9 du<br \/>\ngroupe, Carlo Messina, a d\u00e9clar\u00e9 lundi que la banque pourrait<br \/>\nenvisager des accords sp\u00e9cifiques de gestion d&rsquo;actifs ou de<br \/>\nbanque priv\u00e9e, mais a ajout\u00e9 qu&rsquo;Intesa \u00e9tait bien consciente<br \/>\nd&rsquo;\u00eatre un \u00e9l\u00e9ment de s\u00e9curit\u00e9 nationale pour l&rsquo;Italie avec les<br \/>\n1.400 milliards d&rsquo;euros d&rsquo;actifs financiers sous gestion.\n<\/p>\n<p>\n * Le projet d&rsquo;acquisition de MEDIOBANCA<br \/>\n <a href=\"https:\/\/www.boursorama.com\/cours\/1gMB\/\" rel=\"nofollow noopener\" target=\"_blank\"><br \/>\n  MDBI.MI<br \/>\n <\/a><br \/>\n par MONTE<br \/>\nDEI PASCHI DI SIENA (MPS)<br \/>\n <a href=\"https:\/\/www.boursorama.com\/cours\/1gBMPS\/\" rel=\"nofollow noopener\" target=\"_blank\"><br \/>\n  BMPS.MI<br \/>\n <\/a><br \/>\n pourrait \u00eatre le tremplin<br \/>\nvers une nouvelle op\u00e9ration plus importante alors que la<br \/>\nconsolidation du secteur bancaire italien se poursuit, a d\u00e9clar\u00e9<br \/>\nlundi l&rsquo;administrateur d\u00e9l\u00e9gu\u00e9 de MPS.\n<\/p>\n<p>\n L&rsquo;AGENDA FRANCE &amp; INTERNATIONAL \u00c0 7 JOURS:<\/p>\n<p> nL8N3RV19S\n<\/p>\n<p>\n (R\u00e9dig\u00e9 par Mara V\u00eelcu et Claude Chendjou, \u00e9dit\u00e9 par Augustin<br \/>\nTurpin)<\/p>\n","protected":false},"excerpt":{"rendered":"(Actualis\u00e9 avec secteur automobile et Clariant\/OMV) * Variation des futures sur indice CAC 40 0#FCE: * Variation des&hellip;\n","protected":false},"author":2,"featured_media":64038,"comment_status":"","ping_status":"","sticky":false,"template":"","format":"standard","meta":{"footnotes":""},"categories":[1888],"tags":[400,11,398,408,405,1777,674,1011,27,403,402,399,404,12,626,25,401,406,407],"class_list":{"0":"post-131123","1":"post","2":"type-post","3":"status-publish","4":"format-standard","5":"has-post-thumbnail","7":"category-paris","8":"tag-action-cac-40","9":"tag-actualites","10":"tag-bourse-de-paris","11":"tag-boursorama","12":"tag-cotations","13":"tag-eu","14":"tag-europe","15":"tag-fr","16":"tag-france","17":"tag-indices-devises","18":"tag-investir","19":"tag-investissement","20":"tag-marche-boursier","21":"tag-news","22":"tag-paris","23":"tag-republique-francaise","24":"tag-sicav","25":"tag-trackers","26":"tag-warrants"},"share_on_mastodon":{"url":"https:\/\/pubeurope.com\/@fr\/114578392562132011","error":""},"_links":{"self":[{"href":"https:\/\/www.europesays.com\/fr\/wp-json\/wp\/v2\/posts\/131123","targetHints":{"allow":["GET"]}}],"collection":[{"href":"https:\/\/www.europesays.com\/fr\/wp-json\/wp\/v2\/posts"}],"about":[{"href":"https:\/\/www.europesays.com\/fr\/wp-json\/wp\/v2\/types\/post"}],"author":[{"embeddable":true,"href":"https:\/\/www.europesays.com\/fr\/wp-json\/wp\/v2\/users\/2"}],"replies":[{"embeddable":true,"href":"https:\/\/www.europesays.com\/fr\/wp-json\/wp\/v2\/comments?post=131123"}],"version-history":[{"count":0,"href":"https:\/\/www.europesays.com\/fr\/wp-json\/wp\/v2\/posts\/131123\/revisions"}],"wp:featuredmedia":[{"embeddable":true,"href":"https:\/\/www.europesays.com\/fr\/wp-json\/wp\/v2\/media\/64038"}],"wp:attachment":[{"href":"https:\/\/www.europesays.com\/fr\/wp-json\/wp\/v2\/media?parent=131123"}],"wp:term":[{"taxonomy":"category","embeddable":true,"href":"https:\/\/www.europesays.com\/fr\/wp-json\/wp\/v2\/categories?post=131123"},{"taxonomy":"post_tag","embeddable":true,"href":"https:\/\/www.europesays.com\/fr\/wp-json\/wp\/v2\/tags?post=131123"}],"curies":[{"name":"wp","href":"https:\/\/api.w.org\/{rel}","templated":true}]}}