{"id":131126,"date":"2025-05-27T06:32:09","date_gmt":"2025-05-27T06:32:09","guid":{"rendered":"https:\/\/www.europesays.com\/fr\/131126\/"},"modified":"2025-05-27T06:32:09","modified_gmt":"2025-05-27T06:32:09","slug":"le-kremlin-affirme-que-poutine-fait-ce-quil-faut-pour-assurer-la-securite-de-la-russie","status":"publish","type":"post","link":"https:\/\/www.europesays.com\/fr\/131126\/","title":{"rendered":"Le Kremlin affirme que \u00ab\u00a0Poutine fait ce qu\u2019il faut pour assurer la s\u00e9curit\u00e9 de la Russie\u00a0\u00bb\u2026"},"content":{"rendered":"<p>Bonjour \u00e0 toutes et \u00e0 tous. Comme chaque jour, la r\u00e9daction de 20 Minutes est mobilis\u00e9e pour vous donner l\u2019ensemble des informations sur la guerre entre Kiev et Moscou.<\/p>\n<p>Malgr\u00e9 les tentatives de la Maison-Blanche pour mettre fin au conflit, sur le terrain les armes continuent de parler. Et face \u00e0 ce constat, Donald Trump semble perdre patience vis-\u00e0-vis de Moscou, qui a de nouveau lanc\u00e9 des attaques massives contre l\u2019Ukraine.<\/p>\n","protected":false},"excerpt":{"rendered":"Bonjour \u00e0 toutes et \u00e0 tous. Comme chaque jour, la r\u00e9daction de 20 Minutes est mobilis\u00e9e pour vous&hellip;\n","protected":false},"author":2,"featured_media":131127,"comment_status":"","ping_status":"","sticky":false,"template":"","format":"standard","meta":{"footnotes":""},"categories":[1590],"tags":[47,11,75,73,1777,674,131,74,12,132,220,133,135,134],"class_list":{"0":"post-131126","1":"post","2":"type-post","3":"status-publish","4":"format-standard","5":"has-post-thumbnail","7":"category-ukraine","8":"tag-actualite","9":"tag-actualites","10":"tag-donald-trump","11":"tag-etats-unis","12":"tag-eu","13":"tag-europe","14":"tag-guerre-en-ukraine","15":"tag-monde","16":"tag-news","17":"tag-russie","18":"tag-ukraine","19":"tag-video","20":"tag-vladimir-poutine","21":"tag-volodymyr-zelensky"},"share_on_mastodon":{"url":"https:\/\/pubeurope.com\/@fr\/114578400461845427","error":""},"_links":{"self":[{"href":"https:\/\/www.europesays.com\/fr\/wp-json\/wp\/v2\/posts\/131126","targetHints":{"allow":["GET"]}}],"collection":[{"href":"https:\/\/www.europesays.com\/fr\/wp-json\/wp\/v2\/posts"}],"about":[{"href":"https:\/\/www.europesays.com\/fr\/wp-json\/wp\/v2\/types\/post"}],"author":[{"embeddable":true,"href":"https:\/\/www.europesays.com\/fr\/wp-json\/wp\/v2\/users\/2"}],"replies":[{"embeddable":true,"href":"https:\/\/www.europesays.com\/fr\/wp-json\/wp\/v2\/comments?post=131126"}],"version-history":[{"count":0,"href":"https:\/\/www.europesays.com\/fr\/wp-json\/wp\/v2\/posts\/131126\/revisions"}],"wp:featuredmedia":[{"embeddable":true,"href":"https:\/\/www.europesays.com\/fr\/wp-json\/wp\/v2\/media\/131127"}],"wp:attachment":[{"href":"https:\/\/www.europesays.com\/fr\/wp-json\/wp\/v2\/media?parent=131126"}],"wp:term":[{"taxonomy":"category","embeddable":true,"href":"https:\/\/www.europesays.com\/fr\/wp-json\/wp\/v2\/categories?post=131126"},{"taxonomy":"post_tag","embeddable":true,"href":"https:\/\/www.europesays.com\/fr\/wp-json\/wp\/v2\/tags?post=131126"}],"curies":[{"name":"wp","href":"https:\/\/api.w.org\/{rel}","templated":true}]}}