{"id":131128,"date":"2025-05-27T06:33:09","date_gmt":"2025-05-27T06:33:09","guid":{"rendered":"https:\/\/www.europesays.com\/fr\/131128\/"},"modified":"2025-05-27T06:33:09","modified_gmt":"2025-05-27T06:33:09","slug":"les-etats-unis-dementent-que-le-hamas-a-accepte-la-nouvelle-offre-de-cessez-le-feu","status":"publish","type":"post","link":"https:\/\/www.europesays.com\/fr\/131128\/","title":{"rendered":"les Etats-Unis d\u00e9mentent que le Hamas a accept\u00e9 la nouvelle offre de cessez-le-feu"},"content":{"rendered":"<p class=\"latino-300b text-grey-800\">\n<p>  Par\u00a0<br \/>\nLe Nouvel Obs avec AFP          <\/p>\n<p class=\"latino-300r text-grey-600\">\n      Publi\u00e9 le<\/p>\n<p>    27 mai 2025 \u00e0 8h19<\/p>\n<p>      <img fetchpriority=\"high\" decoding=\"async\" class=\"mx-auto\" src=\"data:image\/svg+xml,%3Csvg%20xmlns%3D%27http%3A%2F%2Fwww.w3.org%2F2000%2Fsvg%27%20fill%3D%22%23e4e4e4%22%20viewBox%3D%270%200%20510%20340%27%20width%3D%22510%22%20height%3D%22340%22%3E%3Cpath%20d%3D%27M0%200h510v340H0z%27%2F%3E%3C%2Fsvg%3E\"  loading=\"eager\" width=\"510\" height=\"340\" data-oncrawl-image-size=\"510x340\" alt=\"Gaza ville, le 13\u00a0avril 2025.\"\/>      <\/p>\n<p class=\"latino-100m text-grey-600\">\n            Gaza ville, le 13\u00a0avril 2025.\u00a0YOUSSEF ALZANOUN \/ MIDDLE EAST IMAGES VIA AFP        <\/p>\n<p>    Lire\u00a0plus\u00a0tard  <\/p>\n<p><a aria-label=\"Nous suivre sur Google News\" href=\"https:\/\/news.google.com\/publications\/CAAqBwgKMJe4nQkw3dFs?hl=fr&amp;gl=FR&amp;ceid=FR%3Afr\" target=\"_blank\" data-piano=\"Page_Article,Sous_date_publi,Nous_suivre_sur_google_news,1er_clic,action\" class=\"btn btn--small btn--secondary\" rel=\"nofollow noopener\"><\/p>\n<p>      Google Actualit\u00e9s<br \/>\n  <\/a><\/p>\n<p>  Partager<\/p>\n<p>        Facebook<\/p>\n<p>        Bluesky<\/p>\n<p>        E-mail<\/p>\n<p>        Copier le lien<\/p>\n<p>      Envoyer<\/p>\n<p>    Temps de lecture\u00a0:\u00a01\u00a0min.<\/p>\n<p class=\"node__paragraphe antonia-750r text-grey-800 pb-24 pb-md-30\">\nLe mouvement islamiste palestinien Hamas n\u2019a pas accept\u00e9 <a href=\"https:\/\/www.nouvelobs.com\/monde\/20250526.OBS104298\/a-gaza-au-moins-33-morts-dans-le-bombardement-israelien-d-une-ecole.html\" rel=\"nofollow noopener\" target=\"_blank\">la derni\u00e8re offre de cessez-le-feu<\/a> dans la bande de Gaza, ont affirm\u00e9 lundi 26\u00a0mai les services de l\u2019\u00e9missaire am\u00e9ricain pour le Moyen-Orient Steve Witkoff.<\/p>\n<p class=\"latino-500b text-grey-600 pb-16\">A lire aussi<\/p>\n<p><a href=\"https:\/\/www.nouvelobs.com\/monde\/20250201.OBS99774\/je-sais-que-cette-guerre-a-gaza-restera-a-jamais-une-tache-sombre-et-honteuse-dans-notre-histoire.html\" data-article-key=\"20250201.OBS99774\" class=\"link--box flex-grow-1\" data-piano=\"Page_Article,Lire_aussi,,Lien1,navigation\" rel=\"nofollow noopener\" target=\"_blank\"><\/p>\n<p>                <img decoding=\"async\" src=\"data:image\/svg+xml,%3Csvg%20xmlns%3D%27http%3A%2F%2Fwww.w3.org%2F2000%2Fsvg%27%20fill%3D%22%23e4e4e4%22%20viewBox%3D%270%200%20120%2080%27%20width%3D%22120%22%20height%3D%2280%22%3E%3Cpath%20d%3D%27M0%200h120v80H0z%27%2F%3E%3C%2Fsvg%3E\"  width=\"120\" height=\"80\" loading=\"lazy\" alt=\"Michelle, Isra\u00e9lienne de Sd\u00e9rot. \"\/><\/p>\n<p class=\"latino-300r latino-lg-600m text-grey-800\">\n                    \u00ab\u00a0Je sais que cette guerre \u00e0 Gaza restera \u00e0 jamais une tache sombre et honteuse dans notre histoire\u00a0\u00bb        <\/p>\n<p><\/a><\/p>\n<p>    Lire\u00a0plus\u00a0tard  <\/p>\n<p class=\"node__paragraphe antonia-750r text-grey-800 pb-24 pb-md-30\">\nInterrog\u00e9 par l\u2019AFP, un porte-parole de Steve Witkoff a confirm\u00e9 des informations du m\u00e9dia am\u00e9ricain <a target=\"_blank\" href=\"https:\/\/www.axios.com\/2025\/05\/26\/israel-hamas-gaza-ceasefire\" rel=\"nofollow noopener\">Axios<\/a> selon lesquelles l\u2019\u00e9missaire nie que le Hamas ait accept\u00e9 sa nouvelle offre de cessez-le-feu dans la bande de Gaza. \u00ab\u00a0Ce que j\u2019ai vu du Hamas est d\u00e9cevant et compl\u00e8tement inacceptable\u00a0\u00bb, a-t-il d\u00e9clar\u00e9 \u00e0 ce site d\u2019informations am\u00e9ricain peu apr\u00e8s des d\u00e9clarations du Hamas.<\/p>\n<p class=\"node__paragraphe antonia-750r text-grey-800 pb-24 pb-md-30\">\n\u00ab\u00a0Le Hamas a accept\u00e9 la nouvelle proposition de l\u2019\u00e9missaire am\u00e9ricain Steve Witkoff, re\u00e7ue via les m\u00e9diateurs\u00a0\u00bb, avait affirm\u00e9 \u00e0 l\u2019AFP une source au sein du mouvement islamiste. Le Qatar, l\u2019Egypte et les Etats-Unis jouent le r\u00f4le de m\u00e9diateurs dans ce conflit.<\/p>\n<p>Une tr\u00eave de 70\u00a0jours propos\u00e9e<\/p>\n<p class=\"node__paragraphe antonia-750r text-grey-800 pb-24 pb-md-30\">\nLa proposition pr\u00e9voyait, selon cette source, \u00ab\u00a0une tr\u00eave de 70 jours en \u00e9change de la lib\u00e9ration de dix otages en deux temps. Durant la tr\u00eave, des n\u00e9gociations commenceront sur un cessez-le-feu permanent avec des garanties am\u00e9ricaines\u00a0\u00bb.<\/p>\n<p class=\"node__paragraphe antonia-750r text-grey-800 pb-24 pb-md-30\">\nSelon une autre source palestinienne proche des n\u00e9gociateurs, \u00ab\u00a010 otages isra\u00e9liens vivants retenus par le Hamas seront lib\u00e9r\u00e9s en \u00e9change d\u2019une tr\u00eave de 70 jours, d\u2019un retrait partiel (isra\u00e9lien) de Gaza (et) de la lib\u00e9ration d\u2019un grand nombre de prisonniers palestiniens\u00a0\u00bb. Les m\u00e9diateurs ont pr\u00e9sent\u00e9 cette proposition ces derniers jours, a pr\u00e9cis\u00e9 cette source.<\/p>\n<p class=\"latino-500b text-grey-600 pb-16\">A lire aussi<\/p>\n<p><a href=\"https:\/\/www.nouvelobs.com\/monde\/20250422.OBS103058\/gaza-un-contexte-de-deshumanisation-totale.html\" data-article-key=\"20250422.OBS103058\" class=\"link--box flex-grow-1\" data-piano=\"Page_Article,Lire_aussi,,Lien2,navigation\" rel=\"nofollow noopener\" target=\"_blank\"><\/p>\n<p>                <img decoding=\"async\" src=\"data:image\/svg+xml,%3Csvg%20xmlns%3D%27http%3A%2F%2Fwww.w3.org%2F2000%2Fsvg%27%20fill%3D%22%23e4e4e4%22%20viewBox%3D%270%200%20120%2080%27%20width%3D%22120%22%20height%3D%2280%22%3E%3Cpath%20d%3D%27M0%200h120v80H0z%27%2F%3E%3C%2Fsvg%3E\"  width=\"120\" height=\"79\" loading=\"lazy\" alt=\"Lors d\u2019une distribution de nourriture \u00e0 Nousseirat, dans le centre de la bande de Gaza, le 11\u00a0avril 2025. Un blocus isra\u00e9lien emp\u00eache l\u2019entr\u00e9e de l\u2019aide humanitaire dans le territoire palestinien depuis le 2\u00a0mars.\"\/><\/p>\n<p class=\"latino-300r latino-lg-600m text-grey-800\">\n                      <strong class=\"latino-300b latino-lg-600m text-grey-500\">Chronique\u00a0<\/strong><br \/>\n                    Gaza\u00a0: un contexte de d\u00e9shumanisation totale        <\/p>\n<p><\/a><\/p>\n<p>    Lire\u00a0plus\u00a0tard  <\/p>\n<p class=\"node__paragraphe antonia-750r text-grey-800 pb-24 pb-md-30\">\nDe son c\u00f4t\u00e9, le Premier ministre isra\u00e9lien <a href=\"https:\/\/www.nouvelobs.com\/monde\/20241002.OBS94406\/il-est-obsede-par-l-image-qu-il-laissera-dans-l-histoire-benyamin-netanyahou-le-jusqu-au-boutiste.html\" rel=\"nofollow noopener\" target=\"_blank\">Benyamin Netanyahou<\/a> a promis lundi de ramener tous les otages, \u00ab\u00a0les vivants et les morts\u00a0\u00bb, sans toutefois mentionner la proposition de tr\u00eave \u00e0 Gaza \u00e9voqu\u00e9e plus t\u00f4t en journ\u00e9e par une source du Hamas. Un cessez-le-feu <a href=\"https:\/\/www.nouvelobs.com\/monde\/20250116.OBS99055\/vers-un-cessez-le-feu-a-gaza.html\" rel=\"nofollow noopener\" target=\"_blank\">entre le 19\u00a0janvier et le 17\u00a0mars<\/a> a permis de sortir de Gaza <a href=\"https:\/\/www.nouvelobs.com\/monde\/20250201.OBS99771\/treve-a-gaza-deux-otages-du-hamas-dont-le-franco-israelien-ofer-kalderon-liberes-et-rentres-en-israel.html\" rel=\"nofollow noopener\" target=\"_blank\">33 otages isra\u00e9liens<\/a>, dont 8 morts, en \u00e9change de la lib\u00e9ration de quelque <a href=\"https:\/\/www.nouvelobs.com\/monde\/20250131.OBS99741\/des-prisonniers-palestiniens-liberes-remercient-la-resistance-de-gaza-a-leur-arrivee-a-ramallah.html\" rel=\"nofollow noopener\" target=\"_blank\">1\u00a0800 prisonniers palestiniens<\/a>.<\/p>\n<p class=\"latino-600m text-grey-800\">\n<p>  Par\u00a0<br \/>\nLe Nouvel Obs avec AFP    <\/p>\n","protected":false},"excerpt":{"rendered":"Par\u00a0 Le Nouvel Obs avec AFP Publi\u00e9 le 27 mai 2025 \u00e0 8h19 Gaza ville, le 13\u00a0avril 2025.\u00a0YOUSSEF&hellip;\n","protected":false},"author":2,"featured_media":131129,"comment_status":"","ping_status":"","sticky":false,"template":"","format":"standard","meta":{"footnotes":""},"categories":[1589],"tags":[17,23831,11,3259,25527,14068,73,1866,665,1146,3519,74,12,14069,1864,1865,1863,308],"class_list":{"0":"post-131128","1":"post","2":"type-post","3":"status-publish","4":"format-standard","5":"has-post-thumbnail","7":"category-etats-unis","8":"tag-17","9":"tag-accepte","10":"tag-actualites","11":"tag-conflit-israelo-palestinien","12":"tag-dementent","13":"tag-etats","14":"tag-etats-unis","15":"tag-etats-unis-damerique","16":"tag-gaza","17":"tag-guerre","18":"tag-hamas","19":"tag-monde","20":"tag-news","21":"tag-unis","22":"tag-united-states","23":"tag-united-states-of-america","24":"tag-us","25":"tag-usa"},"share_on_mastodon":{"url":"https:\/\/pubeurope.com\/@fr\/114578404616464403","error":""},"_links":{"self":[{"href":"https:\/\/www.europesays.com\/fr\/wp-json\/wp\/v2\/posts\/131128","targetHints":{"allow":["GET"]}}],"collection":[{"href":"https:\/\/www.europesays.com\/fr\/wp-json\/wp\/v2\/posts"}],"about":[{"href":"https:\/\/www.europesays.com\/fr\/wp-json\/wp\/v2\/types\/post"}],"author":[{"embeddable":true,"href":"https:\/\/www.europesays.com\/fr\/wp-json\/wp\/v2\/users\/2"}],"replies":[{"embeddable":true,"href":"https:\/\/www.europesays.com\/fr\/wp-json\/wp\/v2\/comments?post=131128"}],"version-history":[{"count":0,"href":"https:\/\/www.europesays.com\/fr\/wp-json\/wp\/v2\/posts\/131128\/revisions"}],"wp:featuredmedia":[{"embeddable":true,"href":"https:\/\/www.europesays.com\/fr\/wp-json\/wp\/v2\/media\/131129"}],"wp:attachment":[{"href":"https:\/\/www.europesays.com\/fr\/wp-json\/wp\/v2\/media?parent=131128"}],"wp:term":[{"taxonomy":"category","embeddable":true,"href":"https:\/\/www.europesays.com\/fr\/wp-json\/wp\/v2\/categories?post=131128"},{"taxonomy":"post_tag","embeddable":true,"href":"https:\/\/www.europesays.com\/fr\/wp-json\/wp\/v2\/tags?post=131128"}],"curies":[{"name":"wp","href":"https:\/\/api.w.org\/{rel}","templated":true}]}}