{"id":131132,"date":"2025-05-27T06:35:09","date_gmt":"2025-05-27T06:35:09","guid":{"rendered":"https:\/\/www.europesays.com\/fr\/131132\/"},"modified":"2025-05-27T06:35:09","modified_gmt":"2025-05-27T06:35:09","slug":"lexpatriation-comme-reponse-a-lextreme-droite","status":"publish","type":"post","link":"https:\/\/www.europesays.com\/fr\/131132\/","title":{"rendered":"l\u2019expatriation comme r\u00e9ponse \u00e0 l\u2019extr\u00eame droite"},"content":{"rendered":"\n<p>Quitter l\u2019Allemagne, fantasme isol\u00e9\u00a0? Plus vraiment. <a class=\"ithalc\" data-ithal=\"lien_externe\" data-ithalc=\"[nav_article]\" target=\"_blank\" href=\"https:\/\/www.welt.de\/vermischtes\/article256134016\/Auswandern-Deutschland-verlassen-Fuer-jeden-zweiten-ein-reizvoller-Gedanke.html\" rel=\"noopener\">Selon une enqu\u00eate YouGov relay\u00e9e par<strong> Die Welt<\/strong><\/a><strong>,<\/strong> le 19\u00a0mai, pr\u00e8s de 6\u00a0Allemands sur 10 (58\u00a0%) envisageraient s\u00e9rieusement une expatriation, si leur situation le permettait. Ils sont 31\u00a0% \u00e0 r\u00e9pondre \u201cabsolument\u201d \u00e0 la question, et 27\u00a0% \u201cprobablement\u201d. Un chiffre en hausse, note le quotidien, qui souligne l\u2019importance de ce glissement mental collectif.<\/p>\n<p>Les motivations sont r\u00e9v\u00e9latrices du malaise ambiant\u00a0: 61\u00a0% \u00e9voquent la situation migratoire, 41\u00a0% la r\u00e9cession \u00e9conomique, 29\u00a0% la mont\u00e9e de l\u2019extr\u00eame droite. Une ironie s\u2019impose\u00a0: ce sont les \u00e9lecteurs d\u2019Alternative f\u00fcr Deutschland qui sont les plus enclins \u00e0 vouloir fuir le pays qu\u2019ils pr\u00e9tendent vouloir \u201csauver\u201d\u00a0: \u201c55\u00a0% d\u2019entre eux r\u00e9pondent vouloir partir \u2018absolument\u2019\u201d.<\/p>\n<p>Et quand il s\u2019agit de choisir une terre d\u2019accueil, les Allemands restent majoritairement tourn\u00e9s vers des pays germanophones\u00a0: la Suisse (30\u00a0%) et l\u2019Autriche (23\u00a0%) arrivent en t\u00eate, suivies par l\u2019Espagne (22\u00a0%) et le Canada (17\u00a0%).<\/p>\n<p>Ce constat chiffr\u00e9 trouve un \u00e9cho existentiel dans <a class=\"ithalc\" data-ithal=\"lien_externe\" data-ithalc=\"[nav_article]\" target=\"_blank\" href=\"https:\/\/www.spiegel.de\/panorama\/nach-afd-debatte-soll-ich-auswandern-kolumne-a-ea34b6c1-6bac-4149-a7df-75bd6421dd32\" rel=\"noopener\">une tribune publi\u00e9e par <strong>Der Spiegel<\/strong><\/a><strong>.<\/strong> Depuis une \u00eele br\u00e9silienne, le journaliste Jochen-Martin Gutsch m\u00e9dite sur sa condition d\u2019Allemand de l\u2019Est, pris entre le d\u00e9senchantement politique et l\u2019attrait d\u2019ailleurs\u00a0:<\/p>\n<p>\u201cPeut-\u00eatre est-il temps pour mon expatriation. Par la vieille route des nazis vers l\u2019Am\u00e9rique du Sud \u2013 mais en sens inverse.\u201d<\/p>\n<p>Entre souvenirs d\u2019enfance \u00e0 Berlin-Est, favelas et cocotiers, sa r\u00e9flexion navigue entre ironie douce-am\u00e8re et lucidit\u00e9 politique\u00a0: \u201cJe suis peut-\u00eatre un gringo est-allemand dans le Sud global.\u201d \u201cMa femme est n\u00e9e \u00e0 S\u00e3o Paulo\u00a0; sa m\u00e8re, une Br\u00e9silienne, a voyag\u00e9 de Hanovre jusqu\u2019\u00e0 son Br\u00e9sil natal pour l\u2019accouchement. L\u2019enfant devrait absolument avoir une deuxi\u00e8me nationalit\u00e9. Pour tous les cas. M\u00eame trente ans apr\u00e8s la fin de la guerre, la crainte d\u2019une reprise du pouvoir par les nazis en Allemagne \u00e9tait encore grande\u201d, \u00e9crit-il. Aujourd\u2019hui, l\u2019histoire semble pouvoir se r\u00e9p\u00e9ter.<\/p>\n<p>Le Nord global ne l\u2019attire plus autant, mais Jochen-Martin Gutsch h\u00e9site encore\u00a0: \u201cJe reste pour l\u2019instant \u2018solidement ind\u00e9cis\u2019, mais il est toujours bon d\u2019avoir une porte de sortie.\u201d Une conclusion \u00e0 l\u2019image de l\u2019Allemagne d\u2019aujourd\u2019hui\u00a0: inqui\u00e8te, divis\u00e9e et h\u00e9sitante.<\/p>\n","protected":false},"excerpt":{"rendered":"Quitter l\u2019Allemagne, fantasme isol\u00e9\u00a0? Plus vraiment. Selon une enqu\u00eate YouGov relay\u00e9e par Die Welt, le 19\u00a0mai, pr\u00e8s de&hellip;\n","protected":false},"author":2,"featured_media":131133,"comment_status":"","ping_status":"","sticky":false,"template":"","format":"standard","meta":{"footnotes":""},"categories":[1587],"tags":[11,672,1804,1856,1805,1803,1777,674,4315,1801,12,1802],"class_list":{"0":"post-131132","1":"post","2":"type-post","3":"status-publish","4":"format-standard","5":"has-post-thumbnail","7":"category-allemagne","8":"tag-actualites","9":"tag-allemagne","10":"tag-bundesrepublik-deutschland","11":"tag-courrier-expat","12":"tag-de","13":"tag-deutschland","14":"tag-eu","15":"tag-europe","16":"tag-expatriation","17":"tag-germany","18":"tag-news","19":"tag-republique-federale-dallemagne"},"share_on_mastodon":{"url":"https:\/\/pubeurope.com\/@fr\/114578412378606643","error":""},"_links":{"self":[{"href":"https:\/\/www.europesays.com\/fr\/wp-json\/wp\/v2\/posts\/131132","targetHints":{"allow":["GET"]}}],"collection":[{"href":"https:\/\/www.europesays.com\/fr\/wp-json\/wp\/v2\/posts"}],"about":[{"href":"https:\/\/www.europesays.com\/fr\/wp-json\/wp\/v2\/types\/post"}],"author":[{"embeddable":true,"href":"https:\/\/www.europesays.com\/fr\/wp-json\/wp\/v2\/users\/2"}],"replies":[{"embeddable":true,"href":"https:\/\/www.europesays.com\/fr\/wp-json\/wp\/v2\/comments?post=131132"}],"version-history":[{"count":0,"href":"https:\/\/www.europesays.com\/fr\/wp-json\/wp\/v2\/posts\/131132\/revisions"}],"wp:featuredmedia":[{"embeddable":true,"href":"https:\/\/www.europesays.com\/fr\/wp-json\/wp\/v2\/media\/131133"}],"wp:attachment":[{"href":"https:\/\/www.europesays.com\/fr\/wp-json\/wp\/v2\/media?parent=131132"}],"wp:term":[{"taxonomy":"category","embeddable":true,"href":"https:\/\/www.europesays.com\/fr\/wp-json\/wp\/v2\/categories?post=131132"},{"taxonomy":"post_tag","embeddable":true,"href":"https:\/\/www.europesays.com\/fr\/wp-json\/wp\/v2\/tags?post=131132"}],"curies":[{"name":"wp","href":"https:\/\/api.w.org\/{rel}","templated":true}]}}