{"id":131136,"date":"2025-05-27T06:37:25","date_gmt":"2025-05-27T06:37:25","guid":{"rendered":"https:\/\/www.europesays.com\/fr\/131136\/"},"modified":"2025-05-27T06:37:25","modified_gmt":"2025-05-27T06:37:25","slug":"lue-propose-dinstaurer-des-frais-de-deux-euros-sur-chaque-petit-colis-entrant-en-europe","status":"publish","type":"post","link":"https:\/\/www.europesays.com\/fr\/131136\/","title":{"rendered":"L\u2019UE propose d\u2019instaurer des frais de deux euros sur chaque petit colis entrant en Europe"},"content":{"rendered":"<p>La <a href=\"https:\/\/www.20minutes.fr\/dossier\/commission_europeenne\" class=\"color-ultramarine c-link\" target=\"_blank\" rel=\"noopener\">Commission europ\u00e9enne<\/a> a propos\u00e9 mardi d\u2019imposer des frais de deux euros sur chaque petit colis entrant en <a href=\"https:\/\/www.20minutes.fr\/dossier\/europe\" class=\"color-ultramarine c-link\" target=\"_blank\" rel=\"noopener\">Europe<\/a>, dont l\u2019immense majorit\u00e9 provient de <a href=\"https:\/\/www.20minutes.fr\/dossier\/chine\" class=\"color-ultramarine c-link\" target=\"_blank\" rel=\"noopener\">Chine<\/a>. \u00ab\u00a0On parle de deux euros par paquet, pay\u00e9 par la plateforme\u00a0\u00bb, a d\u00e9clar\u00e9 le commissaire europ\u00e9en au Commerce, Maros Sefcovic, devant le Parlement europ\u00e9en \u00e0 Bruxelles.<\/p>\n<p>L\u2019id\u00e9e est sp\u00e9cifiquement de cibler les colis de \u00ab\u00a0faible valeur\u00a0\u00bb, ceux qui valent moins de 150 euros &#8211; seuil en dessous duquel les paquets envoy\u00e9s depuis un pays tiers dans l\u2019Union europ\u00e9enne \u00e9chappent aux taxes douani\u00e8res.<\/p>\n<p>4,6\u00a0milliards de colis concern\u00e9s<\/p>\n<p>Les services des <a href=\"https:\/\/www.20minutes.fr\/dossier\/douane\" class=\"color-ultramarine c-link\" target=\"_blank\" rel=\"noopener\">douanes <\/a>sont submerg\u00e9s par un afflux toujours plus grand de ces petits colis import\u00e9s. Les statistiques concernant ces produits sont vertigineuses\u00a0: quelque 4,6\u00a0milliards d\u2019envois d\u2019une valeur inf\u00e9rieure \u00e0 150 euros sont entr\u00e9s sur le march\u00e9 europ\u00e9en en\u00a02024, soit plus de 145 chaque seconde. Sur ce total, 91\u00a0% provenaient de Chine.<\/p>\n<p>Ces frais de deux euros serviraient \u00e0 financer les contr\u00f4les aux douanes, a expliqu\u00e9 le commissaire Sefcovic. \u00ab\u00a0C\u2019est pourquoi je ne qualifierais pas ces frais de gestion comme une taxe, mais simplement comme une fa\u00e7on de compenser leur co\u00fbt\u00a0\u00bb, a-t-il d\u00e9taill\u00e9, saluant l&rsquo;\u00ab\u00a0\u00e9norme\u00a0\u00bb charge de travail des fonctionnaires des douanes.<\/p>\n<p>D\u2019autant que ces contr\u00f4les sont appel\u00e9s \u00e0 se renforcer devant l\u2019afflux de colis de faible valeur envoy\u00e9s depuis l\u2019Asie, via des plateformes telles que Shein ou Temu.<\/p>\n<p>800\u00a0millions rien qu\u2019en France<\/p>\n<p>Cet afflux est craint en raison de la hausse des droits de douane voulue par les Etats-Unis notamment sur les petits colis de Chine. Cette mesure \u00e9tait notamment r\u00e9clam\u00e9e par la France qui avait propos\u00e9 fin avril de faire payer \u00ab\u00a0des frais de gestion\u00a0\u00bb sur chaque petit colis entrant en Europe. Pour la France seule, 800\u00a0millions de ces petits colis ont \u00e9t\u00e9 livr\u00e9s l\u2019an dernier.<\/p>\n<p>La Commission europ\u00e9enne a appel\u00e9 en f\u00e9vrier \u00e0 supprimer l\u2019exon\u00e9ration de droits de douane, qui date de\u00a02010, pointant notamment des risques d\u2019importation \u00ab\u00a0de produits dangereux\u00a0\u00bb et une empreinte environnementale non n\u00e9gligeable sur de tels volumes. Bruxelles esp\u00e8re \u00e9galement qu\u2019une partie des recettes g\u00e9n\u00e9r\u00e9es par les frais sur ces petits colis sera affect\u00e9e au budget de l\u2019UE.<\/p>\n<p>Outre l\u2019impact de ces produits sur la sant\u00e9 et la s\u00e9curit\u00e9 des consommateurs europ\u00e9ens, la Commission d\u00e9nonce \u00e9galement leur impact sur l\u2019environnement ainsi que les distorsions de concurrence avec des commer\u00e7ants europ\u00e9ens, notamment des PME, qui respectent les normes de l\u2019UE.<\/p>\n","protected":false},"excerpt":{"rendered":"La Commission europ\u00e9enne a propos\u00e9 mardi d\u2019imposer des frais de deux euros sur chaque petit colis entrant en&hellip;\n","protected":false},"author":2,"featured_media":131137,"comment_status":"","ping_status":"","sticky":false,"template":"","format":"standard","meta":{"footnotes":""},"categories":[1586],"tags":[47,11,215,2196,981,33,1777,674,1779,1011,27,74,12,8552,25,2549,1778,364,555],"class_list":{"0":"post-131136","1":"post","2":"type-post","3":"status-publish","4":"format-standard","5":"has-post-thumbnail","7":"category-europe","8":"tag-actualite","9":"tag-actualites","10":"tag-commerce","11":"tag-commission-europeenne","12":"tag-douane","13":"tag-economie","14":"tag-eu","15":"tag-europe","16":"tag-european-union","17":"tag-fr","18":"tag-france","19":"tag-monde","20":"tag-news","21":"tag-parlement-europeen","22":"tag-republique-francaise","23":"tag-taxe","24":"tag-ue","25":"tag-union-europeenne","26":"tag-union-europeenne-ue"},"share_on_mastodon":{"url":"https:\/\/pubeurope.com\/@fr\/114578420112482856","error":""},"_links":{"self":[{"href":"https:\/\/www.europesays.com\/fr\/wp-json\/wp\/v2\/posts\/131136","targetHints":{"allow":["GET"]}}],"collection":[{"href":"https:\/\/www.europesays.com\/fr\/wp-json\/wp\/v2\/posts"}],"about":[{"href":"https:\/\/www.europesays.com\/fr\/wp-json\/wp\/v2\/types\/post"}],"author":[{"embeddable":true,"href":"https:\/\/www.europesays.com\/fr\/wp-json\/wp\/v2\/users\/2"}],"replies":[{"embeddable":true,"href":"https:\/\/www.europesays.com\/fr\/wp-json\/wp\/v2\/comments?post=131136"}],"version-history":[{"count":0,"href":"https:\/\/www.europesays.com\/fr\/wp-json\/wp\/v2\/posts\/131136\/revisions"}],"wp:featuredmedia":[{"embeddable":true,"href":"https:\/\/www.europesays.com\/fr\/wp-json\/wp\/v2\/media\/131137"}],"wp:attachment":[{"href":"https:\/\/www.europesays.com\/fr\/wp-json\/wp\/v2\/media?parent=131136"}],"wp:term":[{"taxonomy":"category","embeddable":true,"href":"https:\/\/www.europesays.com\/fr\/wp-json\/wp\/v2\/categories?post=131136"},{"taxonomy":"post_tag","embeddable":true,"href":"https:\/\/www.europesays.com\/fr\/wp-json\/wp\/v2\/tags?post=131136"}],"curies":[{"name":"wp","href":"https:\/\/api.w.org\/{rel}","templated":true}]}}