{"id":131150,"date":"2025-05-27T06:46:08","date_gmt":"2025-05-27T06:46:08","guid":{"rendered":"https:\/\/www.europesays.com\/fr\/131150\/"},"modified":"2025-05-27T06:46:08","modified_gmt":"2025-05-27T06:46:08","slug":"motogp-surprise-jack-miller-pramac-soffre-un-virage-endurance-avec-yamaha-pre-retraite","status":"publish","type":"post","link":"https:\/\/www.europesays.com\/fr\/131150\/","title":{"rendered":"MotoGP Surprise, Jack Miller (Pramac) s&rsquo;offre un virage Endurance avec Yamaha ! Pr\u00e9-retraite ?"},"content":{"rendered":"<p>Alors que les rumeurs vont bon train quant \u00e0 l\u2019avenir \u00e0 court terme de Jack Miller, en MotoGP, l\u2019Australien assure qu\u2019il sera toujours dans la cat\u00e9gorie reine l\u2019ann\u00e9e prochaine. Oui mais voil\u00e0, son contrat avec Pramac prend fin au terme de la saison en cours. Et il se murmure qu\u2019il pourrait accepter une offre de Yamaha, qui souhaiterait l\u2019envoyer en World Superbike. Pourtant, objectivement, les performances de l\u2019int\u00e9ress\u00e9 ne peuvent \u00eatre mises en question.<\/p>\n<p>Jack Miller a toujours sa place en MotoGP mais\u2026<\/p>\n<p>En effet, l\u2019ancien pilote KTM se d\u00e9brouille bien avec la Yamaha, parfois aussi bien que Fabio Quartararo. Voire, mieux, lors de quelques \u00e9preuves, en tout d\u00e9but de saison. Si bien que s\u2019il y avait quelqu\u2019un \u00e0 remplacer chez Pramac, on imagine que les patrons penseraient davantage \u00e0 Miguel Oliveira. Sachant qu\u2019avec la mont\u00e9e en puissance des constructeur Japonais, tr\u00e8s performants cette saison, nombre de pilotes frappent d\u00e9sormais \u00e0 leurs portes. Apr\u00e8s un d\u00e9sint\u00e9r\u00eat total, l\u2019an pass\u00e9\u2026Jorge Martin ou encore, Pedro Acosta, en font probablement partie.<\/p>\n<blockquote class=\"twitter-tweet\">\n<p dir=\"ltr\" lang=\"en\">In a red-flagged <a href=\"https:\/\/twitter.com\/hashtag\/BritishGP?src=hash&amp;ref_src=twsrc%5Etfw\" target=\"_blank\" rel=\"noopener\">#BritishGP<\/a>, <a href=\"https:\/\/twitter.com\/jackmilleraus?ref_src=twsrc%5Etfw\" target=\"_blank\" rel=\"noopener\">@jackmilleraus<\/a> delivered a strong seventh for Prima <a href=\"https:\/\/twitter.com\/pramacracing?ref_src=twsrc%5Etfw\" target=\"_blank\" rel=\"noopener\">@pramacracing<\/a> Yamaha MotoGP in a battling race at Silverstone. Team-mate Miguel Oliveira battled throughout, but missed out on points, finishing 16th.<a href=\"https:\/\/twitter.com\/hashtag\/YamahaRacing?src=hash&amp;ref_src=twsrc%5Etfw\" target=\"_blank\" rel=\"noopener\">#YamahaRacing<\/a> | <a href=\"https:\/\/twitter.com\/hashtag\/PramacRacing?src=hash&amp;ref_src=twsrc%5Etfw\" target=\"_blank\" rel=\"noopener\">#PramacRacing<\/a> | <a href=\"https:\/\/twitter.com\/hashtag\/MotoGP?src=hash&amp;ref_src=twsrc%5Etfw\" target=\"_blank\" rel=\"noopener\">#MotoGP<\/a><\/p>\n<p>\u2014 Yamaha Racing (@yamaharacingcom) <a href=\"https:\/\/twitter.com\/yamaharacingcom\/status\/1926692521117102261?ref_src=twsrc%5Etfw\" target=\"_blank\" rel=\"noopener\">May 25, 2025<\/a><\/p>\n<\/blockquote>\n<p>Alors, bien entendu, si l\u2019opportunit\u00e9 d\u2019engager deux \u201ctop drivers\u201d se pr\u00e9sentait, on imagine que Campinoti et Yamaha ne feraient pas les fines bouches. D\u2019o\u00f9 la n\u00e9cessit\u00e9, pour Jack Miller, d\u2019envisager des solutions de repli. Et clairement, l\u2019endurance pourrait lui offrir une retraite attractive. Est-ce pour cette raison que ce dernier va rejoindre la grille de d\u00e9part des 8h de Suzuka, cette ann\u00e9e ? Myst\u00e8re. Mais l\u2019information est officielle, Yamaha ayant publi\u00e9 un communiqu\u00e9 \u00e0 ce sujet.<\/p>\n<p>Ainsi, il rejoindra le FIM Endurance World Championship avec le Team Factory de la marque en question, aux c\u00f4t\u00e9s de Katsuyuki Nakasuga. Il retrouvera donc, sur cette \u00e9preuve Japonaise, <a href=\"https:\/\/lemagsportauto.ouest-france.fr\/motogp-zarco-la-encore-fait-mais-ou-sarretera-t-il-honda-lui-doit-une-fiere-chandelle\/105041\/\" target=\"_blank\" rel=\"noopener\">Johann Zarco<\/a>, \u00e0 nouveau engag\u00e9 cette ann\u00e9e avec Honda et vainqueur l\u2019an pass\u00e9. Et pour une occasion particuli\u00e8re puisque 2025 est aussi l\u2019ann\u00e9e du 70\u00e8me anniversaire de la fondation de Yamaha. Deux journ\u00e9es de tests priv\u00e9s sont, m\u00eame, d\u00e9j\u00e0 programm\u00e9s, les 3 et 4 juillet. L\u2019\u00e9preuve ayant lieu au mois d\u2019ao\u00fbt.<\/p>\n<p>\u201cCette ann\u00e9e marque le 70e anniversaire de la fondation de Yamaha, et notre participation aux 8 Heures d\u2019Endurance de Suzuka est un \u00e9l\u00e9ment majeur de notre programme de courses comm\u00e9moratives\u201d, commente TETSU ONO, General Manager de Yamaha Motor Co., Ltd.\u2018s Motorsports Strategy Division . Afin d\u2019\u00e9crire une nouvelle page de nos 70 ans d\u2019histoire, marqu\u00e9e par de nombreux d\u00e9fis, et de susciter l\u2019enthousiasme de nos fans du monde entier qui nous ont soutenus tout au long de ces 70 ann\u00e9es, nous recherchions le meilleur duo de pilotes pour remporter les 8 Heures de Suzuka. Je suis fier d\u2019annoncer que notre deuxi\u00e8me pilote sera Jack Miller, actuel pilote de MotoGP.<\/p>\n<p>\u201cMiller a jou\u00e9 un r\u00f4le essentiel au sein de notre double \u00e9quipage d\u2019usine en MotoGP. Depuis la premi\u00e8re manche de la saison, il a non seulement contribu\u00e9 aux essais et au d\u00e9veloppement, mais a \u00e9galement stimul\u00e9 toute l\u2019\u00e9quipe Yamaha gr\u00e2ce \u00e0 sa combativit\u00e9 et sa pr\u00e9sence affirm\u00e9e. Fort de son exp\u00e9rience aux 8 Heures de Suzuka, il est le candidat id\u00e9al pour le Yamaha Racing Team, qui vise la victoire en 2025.\u201d, poursuit le Japonais, tr\u00e8s \u00e9logieux envers Jack Miller et son apport \u00e0 Yamaha, en MotoGP.<\/p>\n<p>\u201cComme il le fait d\u00e9j\u00e0 en MotoGP, Miller apportera \u00e0 l\u2019\u00e9quipe son exp\u00e9rience, ses connaissances, sa passion et son esprit combatif. Avec Miller dans notre \u00e9quipage, nous souhaitons organiser une course dont les fans du monde entier se souviendront. Le nom du troisi\u00e8me pilote de l\u2019\u00e9quipe sera annonc\u00e9 ult\u00e9rieurement ; restez donc attentifs aux prochaines annonces.\u201d, conclut l\u2019int\u00e9ress\u00e9.<\/p>\n<p>Au-del\u00e0 de cet engagement prestigieux, pour la course de Suzuka et ses organisateurs, l\u2019affiche Zarco-Miller par Honda et Yamaha interpos\u00e9e devrait \u00e9galement susciter un vif int\u00e9r\u00eat, bien au-del\u00e0 des fronti\u00e8res de l\u2019Archipel Nippon. Assur\u00e9ment un joli coup, donc, qui pourrait d\u2019ailleurs inciter d\u2019autres pilotes MotoGP \u00e0 en faire de m\u00eame. Quitte \u00e0 tirer un trait sur le repos m\u00e9rite de la tr\u00eave estivale\u2026<\/p>\n<p>Image : Copyright \u00a92025 Yamaha Motor Racing Srl<\/p>\n<p>Article publi\u00e9 le 27\/05\/2025 \u00e0 6h23<\/p>\n<p>                                                            <script async src=\"https:\/\/platform.twitter.com\/widgets.js\" charset=\"utf-8\"><\/script><\/p>\n","protected":false},"excerpt":{"rendered":"Alors que les rumeurs vont bon train quant \u00e0 l\u2019avenir \u00e0 court terme de Jack Miller, en MotoGP,&hellip;\n","protected":false},"author":2,"featured_media":131151,"comment_status":"","ping_status":"","sticky":false,"template":"","format":"standard","meta":{"footnotes":""},"categories":[1413],"tags":[1011,27,12836,1457,1456,1458,60,4921],"class_list":{"0":"post-131150","1":"post","2":"type-post","3":"status-publish","4":"format-standard","5":"has-post-thumbnail","7":"category-moto","8":"tag-fr","9":"tag-france","10":"tag-jack-miller","11":"tag-moto","12":"tag-motocycle","13":"tag-motogp","14":"tag-sports","15":"tag-yamaha"},"share_on_mastodon":{"url":"https:\/\/pubeurope.com\/@fr\/114578455479933337","error":""},"_links":{"self":[{"href":"https:\/\/www.europesays.com\/fr\/wp-json\/wp\/v2\/posts\/131150","targetHints":{"allow":["GET"]}}],"collection":[{"href":"https:\/\/www.europesays.com\/fr\/wp-json\/wp\/v2\/posts"}],"about":[{"href":"https:\/\/www.europesays.com\/fr\/wp-json\/wp\/v2\/types\/post"}],"author":[{"embeddable":true,"href":"https:\/\/www.europesays.com\/fr\/wp-json\/wp\/v2\/users\/2"}],"replies":[{"embeddable":true,"href":"https:\/\/www.europesays.com\/fr\/wp-json\/wp\/v2\/comments?post=131150"}],"version-history":[{"count":0,"href":"https:\/\/www.europesays.com\/fr\/wp-json\/wp\/v2\/posts\/131150\/revisions"}],"wp:featuredmedia":[{"embeddable":true,"href":"https:\/\/www.europesays.com\/fr\/wp-json\/wp\/v2\/media\/131151"}],"wp:attachment":[{"href":"https:\/\/www.europesays.com\/fr\/wp-json\/wp\/v2\/media?parent=131150"}],"wp:term":[{"taxonomy":"category","embeddable":true,"href":"https:\/\/www.europesays.com\/fr\/wp-json\/wp\/v2\/categories?post=131150"},{"taxonomy":"post_tag","embeddable":true,"href":"https:\/\/www.europesays.com\/fr\/wp-json\/wp\/v2\/tags?post=131150"}],"curies":[{"name":"wp","href":"https:\/\/api.w.org\/{rel}","templated":true}]}}