{"id":131152,"date":"2025-05-27T06:47:08","date_gmt":"2025-05-27T06:47:08","guid":{"rendered":"https:\/\/www.europesays.com\/fr\/131152\/"},"modified":"2025-05-27T06:47:08","modified_gmt":"2025-05-27T06:47:08","slug":"cest-super-de-voir-carlos-alcaraz-sentrainer-depuis-un-hopital-des-enfants-hospitalises-plonges-au-coeur-du-tournoi-grace-a-un-robot","status":"publish","type":"post","link":"https:\/\/www.europesays.com\/fr\/131152\/","title":{"rendered":"\u00abC\u2019est super de voir Carlos Alcaraz s\u2019entra\u00eener depuis un h\u00f4pital&#8230;\u00bb Des enfants hospitalis\u00e9s plong\u00e9s au c\u0153ur du tournoi gr\u00e2ce \u00e0 un robot"},"content":{"rendered":"<p>Alors que Roland-Garros bat son plein en ce d\u00e9but de semaine, des enfants hospitalis\u00e9s ont pu plonger au c\u0153ur des diff\u00e9rents courts gr\u00e2ce \u00e0 Awabot, une intelligence robotique, contr\u00f4l\u00e9e \u00e0 distance.<\/p>\n<p class=\"fig-paragraph\">Pendant les qualifications de\u00a0<a href=\"http:\/\/www.lefigaro.fr\/sports\/tennis\/roland-garros\/roland-garros-djokovic-entre-en-scene-10-bleus-au-menu-le-programme-tout-ce-qu-il-faut-savoir-sur-la-3-e-journee-20250527\" data-fig-type=\"NewsFlash\" data-gtm-custom-categorie=\"navigation\" data-gtm-custom-action=\"crossclick\" data-gtm-custom-label=\"Contextuel\" data-gtm-event=\"customEventSPE\" data-fig-domain=\"LEFIGARO\" target=\"_blank\" rel=\"noopener\">Roland-Garros<\/a>, plusieurs enfants hospitalis\u00e9s ont pu plonger au c\u0153ur du tournoi de tennis parisien gr\u00e2ce \u00e0 Awabot, un robot qu&rsquo;ils contr\u00f4lent \u00e0 distance.<\/p>\n<p class=\"fig-paragraph\">Dans une salle de jeu du service p\u00e9diatrique de l&rsquo;h\u00f4pital du Kremlin-Bic\u00eatre (sud de paris), Sambou et Lenny s&rsquo;installent devant un ordinateur portable. \u00abOn est tr\u00e8s heureux de vous accueillir \u00e0 Roland-Garros\u00bb, s&rsquo;exclame Salim Azouzi \u00e0 l&rsquo;\u00e9cran. Responsable des relations strat\u00e9giques chez Awabot, il explique aux deux gar\u00e7ons \u00e2g\u00e9s de 16 et 11 ans que gr\u00e2ce aux fl\u00e8ches du clavier, ils peuvent prendre le contr\u00f4le du robot. Gr\u00e2ce \u00e0 ce dispositif de t\u00e9l\u00e9pr\u00e9sence sur roues, \u00e9quip\u00e9 d&rsquo;un \u00e9cran et d&rsquo;une cam\u00e9ra, Lenny arpente les all\u00e9es autour du court central Philippe-Chatrier.<\/p>\n<p class=\"fig-paragraph\">\u00abC&rsquo;est sp\u00e9cial de conduire un robot \u00e0 distance comme \u00e7a, c&rsquo;est pas tous les jours qu&rsquo;on fait \u00e7a\u00bb, se r\u00e9jouit le jeune gar\u00e7on. Quand il s&rsquo;absente pour un soin, Sambou prend le relais, gu\u00e8re g\u00ean\u00e9 par la perfusion \u00e0 son bras droit. L&rsquo;adolescent, suivi depuis sa naissance dans cet h\u00f4pital, \u00abne conna\u00eet que Ga\u00ebl Monfils\u00bb en tennis. Mais il observe avec envie l&rsquo;imposant court central. D&rsquo;abord intimid\u00e9, il esquisse un premier sourire quand un groupe d&rsquo;enfants s&rsquo;arr\u00eate face au robot et \u00e9change avec lui.<\/p>\n<p class=\"fig-paragraph\">\u00ab\u00c7a les sort vraiment du quotidien tr\u00e8s ax\u00e9 h\u00f4pital et soin. Pour des patients chroniques qui sont l\u00e0 de mani\u00e8re tr\u00e8s fr\u00e9quente, \u00e7a les divertit, \u00e7a leur redonne aussi confiance en eux. Voir diff\u00e9rents sportifs, c&rsquo;est inspirant\u00bb, souligne Sa\u00efda Argoub, auxiliaire de pu\u00e9riculture dans cet \u00e9tablissement de l&rsquo;Assistance publique-H\u00f4pitaux de Paris.<\/p>\n<p class=\"fig-body-link\">\n            \u00c0 lire aussi<br \/>\n        <a class=\"fig-body-link__link\" href=\"http:\/\/www.lefigaro.fr\/sports\/tennis\/monfils-dellien-a-quelle-heure-et-sur-quelle-chaine-regarder-la-night-session-de-roland-garros-ce-mardi-soir-20250527\" data-fig-type=\"Article\" data-gtm-custom-categorie=\"navigation\" data-gtm-custom-action=\"crossclick\" data-gtm-custom-label=\"Contextuel\" data-gtm-event=\"customEventSPE\" data-fig-domain=\"LEFIGARO\" target=\"_blank\" rel=\"noopener\">Monfils &#8211; Dellien\u00a0: \u00e0 quelle heure et sur quelle cha\u00eene regarder la night session de Roland-Garros ce mardi soir\u00a0?<br \/>\n    <\/a>\n<\/p>\n<p>Un acc\u00e8s privil\u00e9gi\u00e9\u00a0<\/p>\n<p class=\"fig-paragraph\">Rejoint par Lilia (10 ans) et Jordy (9 ans), Sambou p\u00e9n\u00e8tre gr\u00e2ce \u00e0 Awabot dans les coursives du stade Philippe-Chatrier. Au d\u00e9tour d&rsquo;un couloir r\u00e9serv\u00e9 aux joueurs, les enfants arrivent au bord du court.<\/p>\n<p class=\"fig-paragraph\">Alors que plusieurs joueurs se battent pour arracher leur ticket pour le tableau principal sur les courts annexes, Carlos Alcaraz s&rsquo;entra\u00eene sur le Central. Gr\u00e2ce au robot, \u00abon leur fait d\u00e9couvrir les coulisses d&rsquo;\u00e9v\u00e8nements sportifs, des endroits auxquels personne n&rsquo;a acc\u00e8s\u00bb, explique Salim Azouzi, qui d\u00e9ploie ce dispositif pour la troisi\u00e8me fois \u00e0 Roland-Garros, mais aussi r\u00e9guli\u00e8rement en Formule 1 ou lors des comp\u00e9titions internationales de football.<\/p>\n<p class=\"fig-paragraph\">Coups droits, revers, amorties: les enfants observent attentivement la palette de coups du N.2 mondial espagnol sur leur \u00e9cran d&rsquo;ordinateur. \u00abC&rsquo;est super de voir Carlos Alcaraz s&rsquo;entra\u00eener depuis un h\u00f4pital\u00bb, se r\u00e9jouit Hyacinthe; venue se joindre au groupe. Pas passionn\u00e9e de tennis, l&rsquo;adolescente n&rsquo;en appr\u00e9cie pas moins le spectacle. \u00abMoi, c&rsquo;est ma premi\u00e8re fois dans ce service et je ne m&rsquo;attendais pas \u00e0 regarder un match de tennis. L\u00e0 on regarde du tennis, on pilote un robot, c&rsquo;est super cool!\u00bb, savoure la jeune patiente.<\/p>\n<p class=\"fig-body-link\">\n            \u00c0 lire aussi<br \/>\n        <a class=\"fig-body-link__link\" href=\"http:\/\/www.lefigaro.fr\/sports\/tennis\/roland-garros\/roland-garros-allez-ousmane-ramene-nous-la-ligue-des-champions-quand-dembele-et-les-joueurs-du-psg-s-invitent-dans-le-temple-de-la-terre-battue-20250526\" data-fig-type=\"NewsFlash\" data-gtm-custom-categorie=\"navigation\" data-gtm-custom-action=\"crossclick\" data-gtm-custom-label=\"Contextuel\" data-gtm-event=\"customEventSPE\" data-fig-domain=\"LEFIGARO\" target=\"_blank\" rel=\"noopener\">Roland-Garros\u00a0: \u00ab Allez, Ousmane, ram\u00e8ne-nous la Ligue des Champions\u00a0\u00bb quand Demb\u00e9l\u00e9, et les joueurs du PSG s\u2019invitent dans le temple de la terre battue<br \/>\n    <\/a>\n<\/p>\n<p>Une journ\u00e9e \u00abmagique\u00bb\u00a0<\/p>\n<p class=\"fig-paragraph\">Thierry Amand observe Lenny piloter le robot par l&rsquo;entreb\u00e2illement de la porte et se d\u00e9lecte autant que son fils. \u00ab\u00c7a le change de sa journ\u00e9e \u00e0 l&rsquo;h\u00f4pital, \u00e7a apporte un peu de gaiet\u00e9. Il va pouvoir raconter \u00e7a \u00e0 ses fr\u00e8res qui adorent le tennis\u00bb, anticipe-t-il. \u00abCette journ\u00e9e-l\u00e0, qu&rsquo;ils pensaient comme les autres, finalement, elle est un peu plus magique\u00bb, observe Claire Falgui\u00e8re, h\u00e9matologue p\u00e9diatre.<\/p>\n<p class=\"fig-paragraph\">\u00abSouvent, les soins peuvent \u00eatre associ\u00e9s \u00e0 des gestes qui peuvent \u00eatre douloureux pour les enfants. Le fait de venir et d&rsquo;avoir une intervention comme celle-l\u00e0, pour eux, \u00e7a rend la journ\u00e9e beaucoup plus facile\u00bb, insiste la soignante. \u00abIls vont repartir non pas en ayant re\u00e7u un soin, mais en ayant particip\u00e9 \u00e0 la visite de Roland-Garros\u00bb, a-t-elle ajout\u00e9. Apr\u00e8s deux heures d&rsquo;immersion, Sambou est de retour dans sa chambre. \u00abLe tournoi de cette ann\u00e9e? Je vais le regarder un peu\u00bb, assure l&rsquo;adolescent, l&rsquo;oeil toujours p\u00e9tillant.<\/p>\n","protected":false},"excerpt":{"rendered":"Alors que Roland-Garros bat son plein en ce d\u00e9but de semaine, des enfants hospitalis\u00e9s ont pu plonger au&hellip;\n","protected":false},"author":2,"featured_media":131153,"comment_status":"","ping_status":"","sticky":false,"template":"","format":"standard","meta":{"footnotes":""},"categories":[1412],"tags":[4169,105,1451,2199,1452,1453,1454,1455,1011,27,24473,1960,24472,4171,60,1467,4170],"class_list":{"0":"post-131152","1":"post","2":"type-post","3":"status-publish","4":"format-standard","5":"has-post-thumbnail","7":"category-f1","8":"tag-atp","9":"tag-djokovic","10":"tag-f1","11":"tag-federer","12":"tag-formula-1","13":"tag-formula1","14":"tag-formule-1","15":"tag-formule1","16":"tag-fr","17":"tag-france","18":"tag-internationaux-de-france","19":"tag-nadal","20":"tag-rg","21":"tag-roland-garros","22":"tag-sports","23":"tag-tennis","24":"tag-wta"},"share_on_mastodon":{"url":"https:\/\/pubeurope.com\/@fr\/114578459414479118","error":""},"_links":{"self":[{"href":"https:\/\/www.europesays.com\/fr\/wp-json\/wp\/v2\/posts\/131152","targetHints":{"allow":["GET"]}}],"collection":[{"href":"https:\/\/www.europesays.com\/fr\/wp-json\/wp\/v2\/posts"}],"about":[{"href":"https:\/\/www.europesays.com\/fr\/wp-json\/wp\/v2\/types\/post"}],"author":[{"embeddable":true,"href":"https:\/\/www.europesays.com\/fr\/wp-json\/wp\/v2\/users\/2"}],"replies":[{"embeddable":true,"href":"https:\/\/www.europesays.com\/fr\/wp-json\/wp\/v2\/comments?post=131152"}],"version-history":[{"count":0,"href":"https:\/\/www.europesays.com\/fr\/wp-json\/wp\/v2\/posts\/131152\/revisions"}],"wp:featuredmedia":[{"embeddable":true,"href":"https:\/\/www.europesays.com\/fr\/wp-json\/wp\/v2\/media\/131153"}],"wp:attachment":[{"href":"https:\/\/www.europesays.com\/fr\/wp-json\/wp\/v2\/media?parent=131152"}],"wp:term":[{"taxonomy":"category","embeddable":true,"href":"https:\/\/www.europesays.com\/fr\/wp-json\/wp\/v2\/categories?post=131152"},{"taxonomy":"post_tag","embeddable":true,"href":"https:\/\/www.europesays.com\/fr\/wp-json\/wp\/v2\/tags?post=131152"}],"curies":[{"name":"wp","href":"https:\/\/api.w.org\/{rel}","templated":true}]}}