{"id":131156,"date":"2025-05-27T06:49:08","date_gmt":"2025-05-27T06:49:08","guid":{"rendered":"https:\/\/www.europesays.com\/fr\/131156\/"},"modified":"2025-05-27T06:49:08","modified_gmt":"2025-05-27T06:49:08","slug":"notre-mercato-parfait-du-psg-pour-etre-encore","status":"publish","type":"post","link":"https:\/\/www.europesays.com\/fr\/131156\/","title":{"rendered":"Notre mercato PARFAIT du PSG pour \u00eatre encore &#8230;"},"content":{"rendered":"<p><img width=\"780\" height=\"470\" src=\"https:\/\/www.europesays.com\/fr\/wp-content\/uploads\/2025\/05\/image0-3-780x470.jpeg\" class=\"attachment-jannah-image-post size-jannah-image-post wp-post-image\" alt=\"Talk CS\" is_main_img=\"1\" decoding=\"async\" fetchpriority=\"high\"\/><br \/>\n Image : Canal<br \/>\nSupporters<\/p>\n<p>Alors que le <strong>PSG<\/strong> entame la semaine la plus<br \/>\nd\u00e9cisive de son histoire avec une finale de <strong>Ligue des<br \/>\nChampions<\/strong> \u00e0 son terme, le mercato reste dans l\u2019esprit des<br \/>\ndirigeants. En effet, si le collectif de <strong>Luis<br \/>\nEnrique<\/strong> roule on ne peut mieux, ce dernier sera am\u00e9lior\u00e9<br \/>\ncet \u00e9t\u00e9.<\/p>\n<p>A quelques jours de la finale de <strong>Ligue des<br \/>\nChampions<\/strong>, le mercato estiva 2025 s\u2019appr\u00eate \u00e0 ouvrir ses<br \/>\nportes. En effet, avec l\u2019organisation de la <strong>Coupe du Mondes<br \/>\ndes Clubs<\/strong>, le fen\u00eatre des transferts estivaux se divisera<br \/>\nen deux parties : du 1er au 10 juin prochain puis du 16 juin au 1er<br \/>\nseptembre. La premi\u00e8re tranche permettra aux clubs qui y sont<br \/>\nengag\u00e9s de se renforcer pour la <strong>Coupe du Mondes des<br \/>\nClubs<\/strong> et la seconde est plus habituelle. Entre les d\u00e9parts<br \/>\net les arriv\u00e9es, le <strong><a href=\"https:\/\/canal-supporters.com\/\" target=\"_blank\" rel=\"noopener\">Paris Saint-Germain<\/a><\/strong><br \/>\ndevrait se montrer actif pour renforcer le groupe de <strong>Luis<br \/>\nEnrique<\/strong> et a en affiner les contours. Ainsi, \u00e0 l\u2019occasion<br \/>\ndu dernier Talk CS, nos journalistes <strong>Jonathan<br \/>\nBensadoun<\/strong>, <strong>Th\u00e9odore Vives<\/strong> et<br \/>\n<strong>Mehdi Houzirane<\/strong> ont r\u00e9aliser leur mercato parfait<br \/>\npour le <strong>Paris Saint-Germain<\/strong> cet \u00e9t\u00e9, en prenant en<br \/>\ncompte l\u2019aspect r\u00e9aliste, les besoins du club de la capitale et la<br \/>\nfa\u00e7on de travailler de la paire <strong>Luis Campos \u2013 Luis<br \/>\nEnrique<\/strong>.<\/p>\n<p>Une vid\u00e9o \u00e0 retrouver en int\u00e9gralit\u00e9 sur la cha\u00eene<br \/>\n<strong><a href=\"https:\/\/www.youtube.com\/@CanalSupportersParis\" target=\"_blank\" rel=\"noopener\">YouTube Canal<br \/>\nSupporters<\/a><\/strong>, et par le biais du lien ci-dessous.<br \/>\nBon visionnage.<\/p><\/p>\n","protected":false},"excerpt":{"rendered":"Image : Canal Supporters Alors que le PSG entame la semaine la plus d\u00e9cisive de son histoire avec&hellip;\n","protected":false},"author":2,"featured_media":131157,"comment_status":"","ping_status":"","sticky":false,"template":"","format":"standard","meta":{"footnotes":""},"categories":[1410],"tags":[81,21968,21969,63,1011,27,25529,25530,91,92,93,60,5234,21971,96,21974,25531],"class_list":{"0":"post-131156","1":"post","2":"type-post","3":"status-publish","4":"format-standard","5":"has-post-thumbnail","7":"category-football","8":"tag-canal-supporters","9":"tag-canal-supporters-paris","10":"tag-cs-paris","11":"tag-football","12":"tag-fr","13":"tag-france","14":"tag-mercato-parfait","15":"tag-mercato-parfait-cs","16":"tag-paris-saint-germain","17":"tag-paris-sg","18":"tag-psg","19":"tag-sports","20":"tag-talk","21":"tag-talk-cs","22":"tag-une","23":"tag-youtube-cs","24":"tag-youtube-cs-paris"},"share_on_mastodon":{"url":"https:\/\/pubeurope.com\/@fr\/114578467332335086","error":""},"_links":{"self":[{"href":"https:\/\/www.europesays.com\/fr\/wp-json\/wp\/v2\/posts\/131156","targetHints":{"allow":["GET"]}}],"collection":[{"href":"https:\/\/www.europesays.com\/fr\/wp-json\/wp\/v2\/posts"}],"about":[{"href":"https:\/\/www.europesays.com\/fr\/wp-json\/wp\/v2\/types\/post"}],"author":[{"embeddable":true,"href":"https:\/\/www.europesays.com\/fr\/wp-json\/wp\/v2\/users\/2"}],"replies":[{"embeddable":true,"href":"https:\/\/www.europesays.com\/fr\/wp-json\/wp\/v2\/comments?post=131156"}],"version-history":[{"count":0,"href":"https:\/\/www.europesays.com\/fr\/wp-json\/wp\/v2\/posts\/131156\/revisions"}],"wp:featuredmedia":[{"embeddable":true,"href":"https:\/\/www.europesays.com\/fr\/wp-json\/wp\/v2\/media\/131157"}],"wp:attachment":[{"href":"https:\/\/www.europesays.com\/fr\/wp-json\/wp\/v2\/media?parent=131156"}],"wp:term":[{"taxonomy":"category","embeddable":true,"href":"https:\/\/www.europesays.com\/fr\/wp-json\/wp\/v2\/categories?post=131156"},{"taxonomy":"post_tag","embeddable":true,"href":"https:\/\/www.europesays.com\/fr\/wp-json\/wp\/v2\/tags?post=131156"}],"curies":[{"name":"wp","href":"https:\/\/api.w.org\/{rel}","templated":true}]}}