{"id":131162,"date":"2025-05-27T06:52:26","date_gmt":"2025-05-27T06:52:26","guid":{"rendered":"https:\/\/www.europesays.com\/fr\/131162\/"},"modified":"2025-05-27T06:52:26","modified_gmt":"2025-05-27T06:52:26","slug":"les-3-nouveaux-livres-de-la-selection-8-8","status":"publish","type":"post","link":"https:\/\/www.europesays.com\/fr\/131162\/","title":{"rendered":"les 3 nouveaux livres de la s\u00e9lection ( 8\/8 )"},"content":{"rendered":"<p>D\u00e9couvrez les trois derniers livres qui s\u2019ajoutent \u00e0 la s\u00e9lection du Grand Prix des Lectrices 2025.<\/p>\n<p>Et de huit\u00a0! Ainsi s\u2019ach\u00e8ve la phase de s\u00e9lection des finalistes de l\u2019\u00e9dition <a href=\"https:\/\/www.elle.fr\/Loisirs\/Livres\/Prix-litteraire-des-lectrices\" rel=\"nofollow noopener\" target=\"_blank\" data-ylk=\"slk:2025;elm:context_link;itc:0;sec:content-canvas\" class=\"link \">2025<\/a>. Dans un parfum de souvenirs enfouis et de secrets enfin d\u00e9voil\u00e9s. C\u00f4t\u00e9 <a href=\"https:\/\/www.elle.fr\/Loisirs\/Livres\/News\/Entre-geopolitique-et-fiction-3-romans-graphiques-pour-mieux-apprehender-le-monde-4311299\" rel=\"nofollow noopener\" target=\"_blank\" data-ylk=\"slk:fiction;elm:context_link;itc:0;sec:content-canvas\" class=\"link \">fiction<\/a>, J\u00e9r\u00f4me Chantreau revient sur une sombre affaire de violence d\u2019\u00c9tat au d\u00e9but du XIXe\u00a0si\u00e8cle, et refait l\u2019enqu\u00eate sur la r\u00e9pression sanglante d\u2019une r\u00e9volte populaire dans le Paris de 1834.<\/p>\n<p>En non-fiction, c\u2019est Ad\u00e8le Yon, la sensation litt\u00e9raire du printemps, qui a enthousiasm\u00e9 les jur\u00e9es avec son enqu\u00eate familiale, m\u00e9dicale et <a href=\"https:\/\/www.elle.fr\/Loisirs\/Livres\/Dossiers\/livre-feministe\" rel=\"nofollow noopener\" target=\"_blank\" data-ylk=\"slk:f\u00e9ministe;elm:context_link;itc:0;sec:content-canvas\" class=\"link \">f\u00e9ministe<\/a> pour rendre \u00e0 son arri\u00e8re-grand-m\u00e8re, Betsy, son vrai pr\u00e9nom\u00a0: Elisabeth.<\/p>\n<p>Enfin, c\u00f4t\u00e9 <a href=\"https:\/\/www.elle.fr\/Loisirs\/Livres\/Dossiers\/roman-policier\" rel=\"nofollow noopener\" target=\"_blank\" data-ylk=\"slk:policier;elm:context_link;itc:0;sec:content-canvas\" class=\"link \">policier<\/a>, une Fran\u00e7aise au nom nordique exhume les corps d\u2019adolescents assassin\u00e9s, et les peines de ceux qui restent, pour \u00e9lucider des meurtres qui doivent beaucoup au pass\u00e9. Rendez-vous le 17\u00a0juin pour l\u2019annonce officielle des laur\u00e9ats.<\/p>\n<p>Fiction<\/p>\n<p>Pour relater les tenants et les aboutissants du massacre des habitants du 12, rue Transnonain (actuelle rue Beaubourg, \u00e0 Paris), en 1834, par les troupes de Louis-Philippe, l\u2019auteur suit Annette, une prostitu\u00e9e ayant assist\u00e9 \u00e0 l\u2019\u00e9v\u00e9nement, et Joseph Lutz, un flic violent mandat\u00e9 par le pouvoir pour tordre la r\u00e9alit\u00e9, mais qui ne s\u2019y r\u00e9sout pas. Claire D\u00e9mar, figure des saint-simoniens et f\u00e9ministe, va aussi croiser la route d\u2019Annette.<\/p>\n<p>Sous des allures de roman policier, mais nourri par un travail historique s\u00e9rieux, ce roman d\u00e9peint la duret\u00e9 des bas-fonds de Paris et d\u00e9voile les&#8230;<\/p>\n<p><a href=\"https:\/\/www.elle.fr\/Loisirs\/Livres\/Prix-litteraire-des-lectrices\/Grand-prix-des-lectrices-2025-les-3-nouveaux-livres-de-la-selection-8-8-4349777#xtor=AL-540\" rel=\"nofollow noopener\" target=\"_blank\" data-ylk=\"slk:Lire la suite de l&#039;article sur Elle.fr;elm:context_link;itc:0;sec:content-canvas\" class=\"link \">Lire la suite de l&rsquo;article sur Elle.fr<\/a><\/p>\n<p>A lire aussi<\/p>\n","protected":false},"excerpt":{"rendered":"D\u00e9couvrez les trois derniers livres qui s\u2019ajoutent \u00e0 la s\u00e9lection du Grand Prix des Lectrices 2025. Et de&hellip;\n","protected":false},"author":2,"featured_media":131163,"comment_status":"","ping_status":"","sticky":false,"template":"","format":"standard","meta":{"footnotes":""},"categories":[1357],"tags":[1379,58,59,1011,27,25532,25533,1380,1650],"class_list":{"0":"post-131162","1":"post","2":"type-post","3":"status-publish","4":"format-standard","5":"has-post-thumbnail","7":"category-livres","8":"tag-books","9":"tag-divertissement","10":"tag-entertainment","11":"tag-fr","12":"tag-france","13":"tag-la-repression","14":"tag-les-peines","15":"tag-livres","16":"tag-selection"},"share_on_mastodon":{"url":"https:\/\/pubeurope.com\/@fr\/114578479198227296","error":""},"_links":{"self":[{"href":"https:\/\/www.europesays.com\/fr\/wp-json\/wp\/v2\/posts\/131162","targetHints":{"allow":["GET"]}}],"collection":[{"href":"https:\/\/www.europesays.com\/fr\/wp-json\/wp\/v2\/posts"}],"about":[{"href":"https:\/\/www.europesays.com\/fr\/wp-json\/wp\/v2\/types\/post"}],"author":[{"embeddable":true,"href":"https:\/\/www.europesays.com\/fr\/wp-json\/wp\/v2\/users\/2"}],"replies":[{"embeddable":true,"href":"https:\/\/www.europesays.com\/fr\/wp-json\/wp\/v2\/comments?post=131162"}],"version-history":[{"count":0,"href":"https:\/\/www.europesays.com\/fr\/wp-json\/wp\/v2\/posts\/131162\/revisions"}],"wp:featuredmedia":[{"embeddable":true,"href":"https:\/\/www.europesays.com\/fr\/wp-json\/wp\/v2\/media\/131163"}],"wp:attachment":[{"href":"https:\/\/www.europesays.com\/fr\/wp-json\/wp\/v2\/media?parent=131162"}],"wp:term":[{"taxonomy":"category","embeddable":true,"href":"https:\/\/www.europesays.com\/fr\/wp-json\/wp\/v2\/categories?post=131162"},{"taxonomy":"post_tag","embeddable":true,"href":"https:\/\/www.europesays.com\/fr\/wp-json\/wp\/v2\/tags?post=131162"}],"curies":[{"name":"wp","href":"https:\/\/api.w.org\/{rel}","templated":true}]}}