{"id":131174,"date":"2025-05-27T06:58:08","date_gmt":"2025-05-27T06:58:08","guid":{"rendered":"https:\/\/www.europesays.com\/fr\/131174\/"},"modified":"2025-05-27T06:58:08","modified_gmt":"2025-05-27T06:58:08","slug":"les-demandes-impossibles-de-meghan-markle-pour-faire-la-couverture-de-vogue","status":"publish","type":"post","link":"https:\/\/www.europesays.com\/fr\/131174\/","title":{"rendered":"les demandes \u00abimpossibles\u00bb de Meghan Markle pour faire la couverture de Vogue"},"content":{"rendered":"<p>Meghan Markle avait l\u2019ambition de faire la couverture de la version britannique de Vogue en septembre 2022, mais ses demandes \u00abimpossibles\u00bb \u00e0 r\u00e9aliser auraient fait \u00e9chouer le projet.<\/p>\n<p class=\"fig-paragraph\">Des caprices de diva\u00a0? Alors que l\u2019ancien r\u00e9dacteur en chef du Vogue britannique Edward Enniful avait pr\u00e9vu de mettre\u00a0<a href=\"https:\/\/madame.lefigaro.fr\/tag\/meghan-markle\" target=\"_blank\" rel=\"noopener nofollow\" data-gtm-custom-categorie=\"navigation\" data-gtm-custom-action=\"crossclick\" data-gtm-custom-label=\"Contextuel\" data-gtm-event=\"customEventSPE\">Meghan Markle<\/a>\u00a0\u00e0 l\u2019honneur en lui consacrant plusieurs articles sur son intervention au sommet One Young World \u00e0 Manchester en septembre 2022, ce projet n\u2019a finalement jamais vu le jour. La raison\u00a0? La duchesse de Sussex avait, de son c\u00f4t\u00e9, l\u2019ambition de faire la une, ce qui n\u2019\u00e9tait pas pr\u00e9vu par le r\u00e9dacteur en chef. Ce dernier avait d\u00e9j\u00e0 pr\u00e9vu une autre star,\u00a0<a href=\"https:\/\/madame.lefigaro.fr\/tag\/linda-evangelista\" target=\"_blank\" rel=\"noopener nofollow\" data-gtm-custom-categorie=\"navigation\" data-gtm-custom-action=\"crossclick\" data-gtm-custom-label=\"Contextuel\" data-gtm-event=\"customEventSPE\">Linda Evangelista<\/a>, ce qui a provoqu\u00e9 une brouille entre les deux amis, autrefois ins\u00e9parables.<\/p>\n<p class=\"fig-paragraph\">Mais ce n\u2019est pas tout. Selon une source \u00e0\u00a0<a href=\"https:\/\/pagesix.com\/2025\/05\/24\/royal-family\/meghan-markle-made-impossible-demands-for-2022-vogue-cover\/\" target=\"_blank\" rel=\"nofollow noopener\" data-gtm-custom-categorie=\"navigation\" data-gtm-custom-action=\"crossclick\" data-gtm-custom-label=\"Contextuel\" data-gtm-event=\"customEventSPE\">Page Six<\/a>, l\u2019\u00e9pouse du\u00a0<a href=\"https:\/\/madame.lefigaro.fr\/tag\/prince-harry\" target=\"_blank\" rel=\"noopener nofollow\" data-gtm-custom-categorie=\"navigation\" data-gtm-custom-action=\"crossclick\" data-gtm-custom-label=\"Contextuel\" data-gtm-event=\"customEventSPE\">prince Harry<\/a> \u00a0aurait \u00e9galement donn\u00e9 \u00e0 Edward Enniful une liste \u00abimpossible\u00bb d\u2019exigences, et serait m\u00eame all\u00e9e jusqu\u2019\u00e0 faire appel \u00e0 la papesse de la mode et r\u00e9dactrice en chef du Vogue am\u00e9ricain, Anna Wintour, pour faire passer ses revendications.<\/p>\n<p class=\"fig-body-link&#10;    \">\n            \u00c0 lire aussi<br \/>\n        <a class=\"fig-body-link__link\" href=\"http:\/\/madame.lefigaro.fr\/celebrites\/actu-people\/meghan-markle-et-le-prince-harry-entendent-creer-leur-propre-cour-royale-a-montecito-en-californie-20250525\" data-fig-type=\"Article\" data-gtm-custom-categorie=\"navigation\" data-gtm-custom-action=\"crossclick\" data-gtm-custom-label=\"Contextuel\" data-gtm-event=\"customEventSPE\" data-fig-domain=\"MADAME\" rel=\"nofollow noopener\" target=\"_blank\">Meghan Markle et le prince Harry entendent cr\u00e9er leur propre \u00abcour royale\u00bb \u00e0 Montecito, en Californie<\/a>\n<\/p>\n<p class=\"fig-paragraph\">Toujours selon les informations de Page Six, appara\u00eetre dans la version britannique du magazine ne suffisait pas \u00e0 la duchesse de Sussex, qui voulait une \u00abcouverture mondiale\u00bb, en apparaissant simultan\u00e9ment sur les couvertures du Vogue britannique et am\u00e9ricain. \u00abMeghan a demand\u00e9 le contr\u00f4le sur le photographe, l\u2019\u00e9crivain, le montage final, les photos, les couvertures, et voulait un num\u00e9ro mondial. (&#8230;) Personne n\u2019a droit \u00e0 un tel privil\u00e8ge. Pas m\u00eame\u00a0<a href=\"https:\/\/madame.lefigaro.fr\/tag\/beyonce\" target=\"_blank\" rel=\"noopener nofollow\" data-gtm-custom-categorie=\"navigation\" data-gtm-custom-action=\"crossclick\" data-gtm-custom-label=\"Contextuel\" data-gtm-event=\"customEventSPE\">Beyonc\u00e9<\/a>\u00bb, raconte la source. La seule et unique personnalit\u00e9 \u00e0 avoir fait la une des deux magazines est la chanteuse Adele, lors de son retour en octobre 2021.<\/p>\n<p>\u00abAnna n\u2019\u00e9tait pas int\u00e9ress\u00e9e\u00bb<\/p>\n<p class=\"fig-paragraph\">Convaincue par son id\u00e9e, Meghan Markle aurait m\u00eame contact\u00e9 directement et personnellement la r\u00e9dactrice en chef du Vogue am\u00e9ricain,\u00a0<a href=\"https:\/\/madame.lefigaro.fr\/tag\/anna-wintour\" target=\"_blank\" rel=\"noopener nofollow\" data-gtm-custom-categorie=\"navigation\" data-gtm-custom-action=\"crossclick\" data-gtm-custom-label=\"Contextuel\" data-gtm-event=\"customEventSPE\">Anna Wintour<\/a>. \u00abAnna n\u2019\u00e9tait pas int\u00e9ress\u00e9e\u00bb, a d\u00e9clar\u00e9 la source, ajoutant que le magazine avait d\u00e9j\u00e0 sa propre star de couverture, Serena Williams. \u00abMeghan a demand\u00e9 un Zoom avec elle pour reconsid\u00e9rer sa couverture, et Anna l\u2019a fait pour \u00eatre polie.\u00bb<\/p>\n<p class=\"fig-paragraph\">Voyant que ses demandes n\u2019aboutiraient pas, Meghan Markle a fini par refuser le projet, rendant son ami \u00abfurieux\u00bb. Ils ne s\u2019adresseraient plus la parole aujourd\u2019hui.<\/p>\n","protected":false},"excerpt":{"rendered":"Meghan Markle avait l\u2019ambition de faire la couverture de la version britannique de Vogue en septembre 2022, mais&hellip;\n","protected":false},"author":2,"featured_media":131175,"comment_status":"","ping_status":"","sticky":false,"template":"","format":"standard","meta":{"footnotes":""},"categories":[8],"tags":[253,2594,970,2593,972,1696,650,58,59,849,638,1011,27,2173,977,908,873,973,974,22546],"class_list":{"0":"post-131174","1":"post","2":"type-post","3":"status-publish","4":"format-standard","5":"has-post-thumbnail","7":"category-divertissement","8":"tag-acteur","9":"tag-actrice","10":"tag-aristo-co","11":"tag-artiste","12":"tag-celebrite","13":"tag-chanteur","14":"tag-cinema","15":"tag-divertissement","16":"tag-entertainment","17":"tag-festival","18":"tag-figaro","19":"tag-fr","20":"tag-france","21":"tag-interview","22":"tag-madame","23":"tag-meghan-markle","24":"tag-musique","25":"tag-people","26":"tag-star","27":"tag-vogue"},"share_on_mastodon":{"url":"https:\/\/pubeurope.com\/@fr\/114578502697921255","error":""},"_links":{"self":[{"href":"https:\/\/www.europesays.com\/fr\/wp-json\/wp\/v2\/posts\/131174","targetHints":{"allow":["GET"]}}],"collection":[{"href":"https:\/\/www.europesays.com\/fr\/wp-json\/wp\/v2\/posts"}],"about":[{"href":"https:\/\/www.europesays.com\/fr\/wp-json\/wp\/v2\/types\/post"}],"author":[{"embeddable":true,"href":"https:\/\/www.europesays.com\/fr\/wp-json\/wp\/v2\/users\/2"}],"replies":[{"embeddable":true,"href":"https:\/\/www.europesays.com\/fr\/wp-json\/wp\/v2\/comments?post=131174"}],"version-history":[{"count":0,"href":"https:\/\/www.europesays.com\/fr\/wp-json\/wp\/v2\/posts\/131174\/revisions"}],"wp:featuredmedia":[{"embeddable":true,"href":"https:\/\/www.europesays.com\/fr\/wp-json\/wp\/v2\/media\/131175"}],"wp:attachment":[{"href":"https:\/\/www.europesays.com\/fr\/wp-json\/wp\/v2\/media?parent=131174"}],"wp:term":[{"taxonomy":"category","embeddable":true,"href":"https:\/\/www.europesays.com\/fr\/wp-json\/wp\/v2\/categories?post=131174"},{"taxonomy":"post_tag","embeddable":true,"href":"https:\/\/www.europesays.com\/fr\/wp-json\/wp\/v2\/tags?post=131174"}],"curies":[{"name":"wp","href":"https:\/\/api.w.org\/{rel}","templated":true}]}}