{"id":13118,"date":"2025-04-09T16:59:14","date_gmt":"2025-04-09T16:59:14","guid":{"rendered":"https:\/\/www.europesays.com\/fr\/13118\/"},"modified":"2025-04-09T16:59:14","modified_gmt":"2025-04-09T16:59:14","slug":"des-medecins-en-greve-de-la-faim-pour-la-palestine-de-passage-a-bordeaux","status":"publish","type":"post","link":"https:\/\/www.europesays.com\/fr\/13118\/","title":{"rendered":"Des m\u00e9decins en gr\u00e8ve de la faim pour la Palestine de passage \u00e0 Bordeaux"},"content":{"rendered":"<p class=\"wp-block-post-excerpt__excerpt\">Ce mardi 8 avril, le collectif \u00ab\u00a0Faim de Justice pour la Palestine\u00a0\u00bb, qui rassemble 18 gr\u00e9vistes et 32 je\u00fbneurs \u00e0 travers la France, a fait escale \u00e0 Bordeaux pour alerter sur la situation \u00e0 Gaza et demander l\u2019action du gouvernement fran\u00e7ais. <\/p>\n<p class=\"font-sans\">\n\t\t\tCet article est en acc\u00e8s libre. Pour soutenir Rue89Bordeaux,<br \/>\n\t\t\t<a class=\"underline\" href=\"https:\/\/rue89bordeaux.com\/abonnement\/\" target=\"_blank\" rel=\"noopener\">abonnez-vous<\/a>.\n\t\t<\/p>\n<p>Ismael Boisard<\/p>\n<p>Publi\u00e9 le 8 avril 2025\u00a0\u00a0\u00b7\u00a0\u00a0<\/p>\n<p>Imprim\u00e9 le 9 avril 2025 \u00e0 18h16\u00a0\u00a0\u00b7\u00a0\u00a0<\/p>\n<p>\t\t\t\t\t2\u00a0minutes\n<\/p>\n<p>Depuis octobre 2023, 50 000 personnes sont mortes et pr\u00e8s de 114 000 ont \u00e9t\u00e9 bless\u00e9es dans la bande de Gaza. Pour d\u00e9noncer cette situation, 18 personnes ont entam\u00e9 il y a 9 jours une gr\u00e8ve de la faim, soutenus par 32 je\u00fbneurs solidaires. Le collectif \u00ab\u00a0Faim de Justice pour la Palestine\u00a0\u00bb a \u00e9t\u00e9 cr\u00e9\u00e9 le 31 mars \u00e0 Marseille, et 4 de ses membres parcourent la France pour sensibiliser \u00e0 la cause palestinienne.<\/p>\n<p>Pr\u00e9sents ce mardi 8 avril \u00e0 Bordeaux, Pascal Andr\u00e9 et Khaled Benboutrif sont deux m\u00e9decins qui se sont rendus en Palestine comme volontaires dans des ONG afin d\u2019aider les victimes du conflit entre Isra\u00ebl et le Hamas. Apr\u00e8s des missions sur place, ils ont d\u00e9cid\u00e9 de cesser de s\u2019alimenter, en soutien \u00e0 Gaza, avec  Amina Mansouri et Ghyzlane Kabouli, des citoyennes pr\u00e9occup\u00e9es par la situation en Palestine. <\/p>\n<p>\t\t\u00ab\u00a0Massacre en direct\u00a0\u00bb<\/p>\n<blockquote class=\"wp-block-quote is-layout-flow wp-block-quote-is-layout-flow\">\n<p>\u00ab\u00a0On a assist\u00e9 \u00e0 ce massacre en direct, raconte Khaled Benboutrif. J\u2019ai vu des enfants cibl\u00e9s par des snipers. Je garde en m\u00e9moire les images des corps \u00e9clat\u00e9s, les bruits des victimes et l\u2019odeur des corps. On est scandalis\u00e9s. Depuis qu\u2019on est revenus, on essaye de parler de tout \u00e7a, de voir les gens qui ne sont pas sensibilis\u00e9s \u00e0 la question. On n\u2019est pas des militants politiques, on est de simples citoyens.\u00a0\u00bb<\/p>\n<\/blockquote>\n<p>Affaiblis et les joues creus\u00e9es, les gr\u00e9vistes de la faim esp\u00e8rent obtenir une r\u00e9action du gouvernement, et demandent la mise en place d\u2019un cessez-le-feu dans la bande de Gaza :<\/p>\n<blockquote class=\"wp-block-quote is-layout-flow wp-block-quote-is-layout-flow\">\n<p>\u00ab\u00a0Il faut respecter le droit international, mart\u00e8le Pascal Andr\u00e9. Qu\u2019il n\u2019y ait plus aucune livraison d\u2019armes, contrairement \u00e0 ce qu\u2019on fait en France aujourd\u2019hui. Pas de salon a\u00e9rien du Bourget pour les entreprises isra\u00e9liennes. Arr\u00eater la coop\u00e9ration \u00e9conomique avec Isra\u00ebl. Et puis ne pas recevoir Netanyahou en Europe. C\u2019est les 4 points qui devraient \u00eatre non n\u00e9gociables.\u00a0\u00bb<\/p>\n<\/blockquote>\n<p>Le collectif esp\u00e8re terminer son tour de France par la Belgique, et se pr\u00e9senter devant le Parlement europ\u00e9en le 25 avril.<\/p>\n<p>\t\tPlusieurs soutiens sur Bordeaux<\/p>\n<p>Si Bordeaux ne compte pas encore de gr\u00e9viste de la faim, le collectif a tout de m\u00eame men\u00e9 une conf\u00e9rence \u00e0 l\u2019Utopia ainsi qu\u2019une intervention \u00e0 l\u2019Universit\u00e9 Bordeaux Montaigne. Plusieurs voix locales s\u2019\u00e9l\u00e8vent en soutien au collectif, dont celle de Myriam Eckert, conseill\u00e8re municipale Bordeaux en Lutte. <\/p>\n<p>Des \u00e9tudiants de Bordeaux Montaigne sont aussi venus encourager les gr\u00e9vistes, dont Anna. Elle rappelle que l\u2019une des revendications lors du blocage de <a href=\"https:\/\/rue89bordeaux.com\/2025\/02\/a-bordeaux-montaigne-et-sciences-po-les-blocages-se-poursuivent-sous-tensions\/\" target=\"_blank\" rel=\"noopener\">Sciences Po Bordeaux<\/a>, qui a entra\u00een\u00e9 celui du campus, \u00e9tait<a href=\"https:\/\/rue89bordeaux.com\/2025\/02\/accusee-de-liens-avec-larmee-israelienne-une-chaire-de-luniversite-de-bordeaux-contestee\/\" target=\"_blank\" rel=\"noreferrer noopener\"> la d\u00e9nonciation d\u2019un partenariat entre l\u2019universit\u00e9 et des entreprise fran\u00e7aises de l\u2019industrie de l\u2019armement<\/a>, accus\u00e9es de vendre des \u00e9quipements militaires \u00e0 Isra\u00ebl.<\/p>\n<p>De son c\u00f4t\u00e9 Andr\u00e9 Ros\u00e8vegue, porte parole de l\u2019Union juive fran\u00e7aise pour la paix (UJFP), s\u2019indigne :<\/p>\n<blockquote class=\"wp-block-quote is-layout-flow wp-block-quote-is-layout-flow\">\n<p>\u00ab\u00a0R\u00e9volt\u00e9 par la situation, je pense que toutes les tentatives d\u2019alerter sont bonnes. Cette action montre clairement qu\u2019on est dans l\u2019urgence humanitaire absolue. En tant que juif, je ne supporte pas que ce soit en mon nom qu\u2019une politique g\u00e9nocidaire soit maintenue et d\u00e9velopp\u00e9e. Je me sens profond\u00e9ment humili\u00e9 par le fait que Netanyahou pr\u00e9tende me repr\u00e9senter en menant une politique contraire au droit international et contraire \u00e0 l\u2019amour de l\u2019humanit\u00e9 la plus \u00e9l\u00e9mentaire.\u00a0\u00bb<\/p>\n<\/blockquote>\n","protected":false},"excerpt":{"rendered":"Ce mardi 8 avril, le collectif \u00ab\u00a0Faim de Justice pour la Palestine\u00a0\u00bb, qui rassemble 18 gr\u00e9vistes et 32&hellip;\n","protected":false},"author":2,"featured_media":13119,"comment_status":"","ping_status":"","sticky":false,"template":"","format":"standard","meta":{"footnotes":""},"categories":[2817],"tags":[1111,11,1997,1777,674,1011,27,802,5643,12,2219,3518,25],"class_list":{"0":"post-13118","1":"post","2":"type-post","3":"status-publish","4":"format-standard","5":"has-post-thumbnail","7":"category-bordeaux","8":"tag-actu","9":"tag-actualites","10":"tag-bordeaux","11":"tag-eu","12":"tag-europe","13":"tag-fr","14":"tag-france","15":"tag-greves-et-mouvements-sociaux","16":"tag-guerre-israel-hamas","17":"tag-news","18":"tag-nouvelle-aquitaine","19":"tag-palestine","20":"tag-republique-francaise"},"share_on_mastodon":{"url":"https:\/\/pubeurope.com\/@fr\/114309075113820944","error":""},"_links":{"self":[{"href":"https:\/\/www.europesays.com\/fr\/wp-json\/wp\/v2\/posts\/13118","targetHints":{"allow":["GET"]}}],"collection":[{"href":"https:\/\/www.europesays.com\/fr\/wp-json\/wp\/v2\/posts"}],"about":[{"href":"https:\/\/www.europesays.com\/fr\/wp-json\/wp\/v2\/types\/post"}],"author":[{"embeddable":true,"href":"https:\/\/www.europesays.com\/fr\/wp-json\/wp\/v2\/users\/2"}],"replies":[{"embeddable":true,"href":"https:\/\/www.europesays.com\/fr\/wp-json\/wp\/v2\/comments?post=13118"}],"version-history":[{"count":0,"href":"https:\/\/www.europesays.com\/fr\/wp-json\/wp\/v2\/posts\/13118\/revisions"}],"wp:featuredmedia":[{"embeddable":true,"href":"https:\/\/www.europesays.com\/fr\/wp-json\/wp\/v2\/media\/13119"}],"wp:attachment":[{"href":"https:\/\/www.europesays.com\/fr\/wp-json\/wp\/v2\/media?parent=13118"}],"wp:term":[{"taxonomy":"category","embeddable":true,"href":"https:\/\/www.europesays.com\/fr\/wp-json\/wp\/v2\/categories?post=13118"},{"taxonomy":"post_tag","embeddable":true,"href":"https:\/\/www.europesays.com\/fr\/wp-json\/wp\/v2\/tags?post=13118"}],"curies":[{"name":"wp","href":"https:\/\/api.w.org\/{rel}","templated":true}]}}