{"id":131180,"date":"2025-05-27T07:01:11","date_gmt":"2025-05-27T07:01:11","guid":{"rendered":"https:\/\/www.europesays.com\/fr\/131180\/"},"modified":"2025-05-27T07:01:11","modified_gmt":"2025-05-27T07:01:11","slug":"repos-force-pour-le-president-lula-qui-souffre-de-labyrinthite","status":"publish","type":"post","link":"https:\/\/www.europesays.com\/fr\/131180\/","title":{"rendered":"Repos forc\u00e9 pour le pr\u00e9sident Lula qui souffre de labyrinthite"},"content":{"rendered":"<p><a href=\"https:\/\/www.20minutes.fr\/dossier\/lula\" target=\"_blank\" class=\"color-ultramarine c-link\" rel=\"nofollow noopener\">Luiz Inacio Lula da\u00a0Silva<\/a> va devoir revoir ses priorit\u00e9s. Le pr\u00e9sident <a href=\"https:\/\/www.20minutes.fr\/dossier\/bresil\" target=\"_blank\" class=\"color-ultramarine c-link\" rel=\"nofollow noopener\">br\u00e9silien<\/a> souffre de labyrinthite, une infection de l\u2019oreille interne, et s\u2019est vu prescrire le repos, a annonc\u00e9 lundi le gouvernement.<\/p>\n<p>Le chef de l\u2019Etat de 79 ans, qui avait \u00e9t\u00e9 op\u00e9r\u00e9 fin d\u00e9cembre pour drainer un h\u00e9matome pr\u00e8s du cerveau, a r\u00e9alis\u00e9 lundi des examens m\u00e9dicaux dans un h\u00f4pital de Brasilia apr\u00e8s s\u2019\u00eatre plaint de vertiges. C\u2019est \u00e0 ce moment que l\u2019<a href=\"https:\/\/www.20minutes.fr\/dossier\/infection\" target=\"_blank\" class=\"color-ultramarine c-link\" rel=\"nofollow noopener\">infection<\/a> a \u00e9t\u00e9 d\u00e9couverte par les m\u00e9decins.<\/p>\n<p>Une gu\u00e9rison qui n\u00e9cessite quelques semaines<\/p>\n<p>Le pr\u00e9sident est retourn\u00e9 dans sa r\u00e9sidence et a \u00ab\u00a0annul\u00e9 une partie de son agenda\u00a0\u00bb, selon une source de la pr\u00e9sidence qui a requis l\u2019anonymat.<\/p>\n<\/p>\n<p>La labyrinthite est une inflammation du labyrinthe, une structure de l\u2019oreille interne qui joue un r\u00f4le cl\u00e9 dans l\u2019audition et l\u2019\u00e9quilibre. La gu\u00e9rison survient la plupart du temps en quelques semaines.<\/p>\n<p><a href=\"https:\/\/www.20minutes.fr\/dossier\/bresil\" target=\"_blank\" class=\"c-link c-btn c-btn--primary\" rel=\"nofollow noopener\">Nos articles sur le Br\u00e9sil<\/a><\/p>\n<p>Le pr\u00e9sident de gauche, qui a souffert d\u2019un cancer du larynx en\u00a02011 et subi une op\u00e9ration de la hanche en\u00a02023, n\u2019a pas exclu de briguer un nouveau mandat lors de la pr\u00e9sidentielle de\u00a02026.<\/p>\n","protected":false},"excerpt":{"rendered":"Luiz Inacio Lula da\u00a0Silva va devoir revoir ses priorit\u00e9s. Le pr\u00e9sident br\u00e9silien souffre de labyrinthite, une infection de&hellip;\n","protected":false},"author":2,"featured_media":131181,"comment_status":"","ping_status":"","sticky":false,"template":"","format":"standard","meta":{"footnotes":""},"categories":[5],"tags":[47,11,2548,1011,27,13849,14,19363,226,74,12,25534,71,133,28],"class_list":{"0":"post-131180","1":"post","2":"type-post","3":"status-publish","4":"format-standard","5":"has-post-thumbnail","7":"category-international","8":"tag-actualite","9":"tag-actualites","10":"tag-bresil","11":"tag-fr","12":"tag-france","13":"tag-infection","14":"tag-international","15":"tag-lula","16":"tag-maladie","17":"tag-monde","18":"tag-news","19":"tag-oreille","20":"tag-sante","21":"tag-video","22":"tag-world"},"share_on_mastodon":{"url":"https:\/\/pubeurope.com\/@fr\/114578514457874380","error":""},"_links":{"self":[{"href":"https:\/\/www.europesays.com\/fr\/wp-json\/wp\/v2\/posts\/131180","targetHints":{"allow":["GET"]}}],"collection":[{"href":"https:\/\/www.europesays.com\/fr\/wp-json\/wp\/v2\/posts"}],"about":[{"href":"https:\/\/www.europesays.com\/fr\/wp-json\/wp\/v2\/types\/post"}],"author":[{"embeddable":true,"href":"https:\/\/www.europesays.com\/fr\/wp-json\/wp\/v2\/users\/2"}],"replies":[{"embeddable":true,"href":"https:\/\/www.europesays.com\/fr\/wp-json\/wp\/v2\/comments?post=131180"}],"version-history":[{"count":0,"href":"https:\/\/www.europesays.com\/fr\/wp-json\/wp\/v2\/posts\/131180\/revisions"}],"wp:featuredmedia":[{"embeddable":true,"href":"https:\/\/www.europesays.com\/fr\/wp-json\/wp\/v2\/media\/131181"}],"wp:attachment":[{"href":"https:\/\/www.europesays.com\/fr\/wp-json\/wp\/v2\/media?parent=131180"}],"wp:term":[{"taxonomy":"category","embeddable":true,"href":"https:\/\/www.europesays.com\/fr\/wp-json\/wp\/v2\/categories?post=131180"},{"taxonomy":"post_tag","embeddable":true,"href":"https:\/\/www.europesays.com\/fr\/wp-json\/wp\/v2\/tags?post=131180"}],"curies":[{"name":"wp","href":"https:\/\/api.w.org\/{rel}","templated":true}]}}