{"id":131182,"date":"2025-05-27T07:02:09","date_gmt":"2025-05-27T07:02:09","guid":{"rendered":"https:\/\/www.europesays.com\/fr\/131182\/"},"modified":"2025-05-27T07:02:09","modified_gmt":"2025-05-27T07:02:09","slug":"ce-que-contiennent-les-textes-sur-laide-a-mourir-et-les-soins-palliatifs","status":"publish","type":"post","link":"https:\/\/www.europesays.com\/fr\/131182\/","title":{"rendered":"ce que contiennent les textes sur l\u2019aide \u00e0 mourir et les soins palliatifs"},"content":{"rendered":"<p>Apr\u00e8s deux semaines de d\u00e9bat parlementaire, les textes sur l\u2019aide \u00e0 mourir et sur les soins palliatifs seront vot\u00e9s solennellement par les d\u00e9put\u00e9s ce mardi.<\/p>\n<p class=\"fig-paragraph\">Ce mardi \u00e0\u00a0<a href=\"http:\/\/www.lefigaro.fr\/politique\/j-ai-perdu-en-esperance-de-vie-alcool-drogue-a-l-assemblee-des-exces-qui-inquietent-20250524\" data-fig-type=\"Article\" data-gtm-custom-categorie=\"navigation\" data-gtm-custom-action=\"crossclick\" data-gtm-custom-label=\"Contextuel\" data-gtm-event=\"customEventSPE\" data-fig-domain=\"LEFIGARO\" target=\"_blank\" rel=\"noopener\">l\u2019Assembl\u00e9e nationale<\/a>, les d\u00e9put\u00e9s voteront en premi\u00e8re lecture deux textes. L&rsquo;un consensuel sur les\u00a0<a href=\"http:\/\/www.lefigaro.fr\/politique\/frederic-valletoux-ex-ministre-de-la-sante-sur-la-fin-de-vie-la-question-des-soins-palliatifs-met-tout-le-monde-d-accord-20250122\" data-fig-type=\"Article\" data-gtm-custom-categorie=\"navigation\" data-gtm-custom-action=\"crossclick\" data-gtm-custom-label=\"Contextuel\" data-gtm-event=\"customEventSPE\" data-fig-domain=\"LEFIGARO\" target=\"_blank\" rel=\"noopener\">soins palliatifs<\/a>, l&rsquo;autre tr\u00e8s sensible sur la\u00a0<a href=\"http:\/\/www.lefigaro.fr\/politique\/aide-a-mourir-vers-un-vote-historique-d-un-nouveau-droit-a-l-euthanasie-et-au-suicide-assiste-20250526\" data-fig-type=\"Article\" data-gtm-custom-categorie=\"navigation\" data-gtm-custom-action=\"crossclick\" data-gtm-custom-label=\"Contextuel\" data-gtm-event=\"customEventSPE\" data-fig-domain=\"LEFIGARO\" target=\"_blank\" rel=\"noopener\">cr\u00e9ation d&rsquo;une aide \u00e0 mourir<\/a>. Voici les principales dispositions de ces textes, tels qu&rsquo;amend\u00e9s durant les deux semaines de d\u00e9bat au Palais Bourbon.<\/p>\n<p>Quels sont les crit\u00e8res d&rsquo;\u00e9ligibilit\u00e9\u00a0?<\/p>\n<p class=\"fig-paragraph\">La proposition de loi du d\u00e9put\u00e9 Olivier Falorni cr\u00e9e un \u00abdroit \u00e0 l&rsquo;aide \u00e0 mourir\u00bb. Pour \u00eatre \u00e9ligible, le demandeur doit remplir cinq conditions cumulatives\u00a0:<\/p>\n<ul class=\"fig-list\">\n<li>\u00catre majeur.<\/li>\n<li>\u00catre de nationalit\u00e9 fran\u00e7aise ou r\u00e9sider de fa\u00e7on stable et r\u00e9guli\u00e8re en France.<\/li>\n<li>\u00catre atteint \u00abd&rsquo;une affection grave et incurable, quelle qu&rsquo;en soit la cause, qui engage le pronostic vital, en phase avanc\u00e9e\u00bb ou \u00abterminale\u00bb. La notion de \u00abphase avanc\u00e9e\u00bb se caract\u00e9rise par \u00abl&rsquo;entr\u00e9e dans un processus irr\u00e9versible marqu\u00e9 par l&rsquo;aggravation de l&rsquo;\u00e9tat de sant\u00e9 de la personne malade qui affecte sa qualit\u00e9 de vie\u00bb.<\/li>\n<li>Pr\u00e9senter \u00abune souffrance physique ou psychologique constante\u00bb qui est \u00absoit r\u00e9fractaire aux traitements, soit insupportable selon la personne\u00bb lorsqu&rsquo;elle a \u00abchoisi de ne pas recevoir ou d&rsquo;arr\u00eater\u00bb un traitement. Une souffrance psychologique seule \u00abne peut en aucun cas permettre de\u00a0<a href=\"http:\/\/www.lefigaro.fr\/actualite-france\/fin-de-vie-les-deputes-approuvent-les-conditions-d-acces-au-droit-a-l-aide-a-mourir-20250521\" data-fig-type=\"NewsFlash\" data-gtm-custom-categorie=\"navigation\" data-gtm-custom-action=\"crossclick\" data-gtm-custom-label=\"Contextuel\" data-gtm-event=\"customEventSPE\" data-fig-domain=\"LEFIGARO\" target=\"_blank\" rel=\"noopener\">b\u00e9n\u00e9ficier de l&rsquo;aide \u00e0 mourir <\/a>\u00bb, pr\u00e9cise le texte.<\/li>\n<li>\u00catre \u00abapte \u00e0 manifester sa volont\u00e9 de fa\u00e7on libre et \u00e9clair\u00e9e\u00bb. Une personne dont le discernement est \u00abgravement alt\u00e9r\u00e9\u00bb ne peut \u00eatre \u00e9ligible.<\/li>\n<\/ul>\n<p>Qu\u2019est-ce qu\u2019une proc\u00e9dure coll\u00e9giale\u00a0?<\/p>\n<p class=\"fig-paragraph\">La personne souhaitant une aide \u00e0 mourir le demande \u00e0 un m\u00e9decin (elle ne peut le faire lors d&rsquo;une t\u00e9l\u00e9consultation). Le m\u00e9decin est charg\u00e9 de v\u00e9rifier l&rsquo;\u00e9ligibilit\u00e9 du patient. Pour \u00e9valuer les crit\u00e8res, il met en place une proc\u00e9dure coll\u00e9giale. Il organise une r\u00e9union \u00e0 laquelle participe a minima un sp\u00e9cialiste de la pathologie, un soignant intervenant dans le traitement du malade et lui-m\u00eame.<\/p>\n<p class=\"fig-paragraph\">Le m\u00e9decin peut \u00e9galement convier d&rsquo;autres professionnels de sant\u00e9, des auxiliaires de vie ou, par exemple, des psychologues intervenant dans le traitement de la personne. Ce coll\u00e8ge peut aussi recueillir l&rsquo;avis d&rsquo;une personne de confiance d\u00e9sign\u00e9e par le patient. La r\u00e9union se d\u00e9roule en \u00abpr\u00e9sence physique de tous les membres\u00bb, sauf \u00aben cas d&rsquo;impossibilit\u00e9\u00bb. Le m\u00e9decin prend in fine la d\u00e9cision seul.<\/p>\n<p>Dans quels d\u00e9lais\u00a0?<\/p>\n<p class=\"fig-paragraph\">Le m\u00e9decin doit notifier sa d\u00e9cision au patient \u00abdans un d\u00e9lai de quinze jours \u00e0 compter de la demande\u00bb. Le texte pr\u00e9voit ensuite \u00abun d\u00e9lai de r\u00e9flexion d&rsquo;au moins deux jours\u00bb avant que le patient puisse confirmer sa demande.<\/p>\n<p class=\"fig-paragraph\">Si la confirmation \u00abintervient plus de trois mois apr\u00e8s la notification\u00bb, le m\u00e9decin \u00ab\u00e9value \u00e0 nouveau le caract\u00e8re libre et \u00e9clair\u00e9\u00bb de la demande. Idem si la date fix\u00e9e pour l&rsquo;administration de la substance l\u00e9tale est post\u00e9rieure de trois mois \u00e0 la notification. Le patient peut renoncer, \u00e0 tout moment, \u00e0 sa demande.<\/p>\n<p>Qui administre la substance l\u00e9tale\u00a0?<\/p>\n<p class=\"fig-paragraph\">Pour l&rsquo;administration, le demandeur est accompagn\u00e9 par un m\u00e9decin ou un infirmier, qui peut \u00eatre diff\u00e9rent du premier m\u00e9decin charg\u00e9 de prescrire la substance l\u00e9tale. Le patient choisit le lieu et la date de l&rsquo;administration de la substance l\u00e9tale, ainsi que les personnes qui l&rsquo;entoureront le moment venu.<\/p>\n<p class=\"fig-paragraph\">L&rsquo;auto-administration est la r\u00e8gle, et l&rsquo;administration par le m\u00e9decin ou l&rsquo;infirmier accompagnant l&rsquo;exception, lorsque le patient \u00abn&rsquo;est pas en mesure physiquement d&rsquo;y proc\u00e9der\u00bb. La Haute autorit\u00e9 de sant\u00e9 (HAS) est charg\u00e9e de d\u00e9finir \u00ables substances l\u00e9tales susceptibles d&rsquo;\u00eatre utilis\u00e9es\u00bb.<\/p>\n<p>Le soignant est-il oblig\u00e9 de pratiquer l\u2019aide \u00e0 mourir\u00a0?<\/p>\n<p class=\"fig-paragraph\">Tout m\u00e9decin ou infirmier peut faire valoir une \u00abclause de conscience\u00bb lui\u00a0<a href=\"http:\/\/www.lefigaro.fr\/social\/fin-de-vie-aucun-medecin-ne-sera-oblige-de-pratiquer-l-acte-letal-assure-la-ministre-de-la-sante-20250512\" data-fig-type=\"NewsFlash\" data-gtm-custom-categorie=\"navigation\" data-gtm-custom-action=\"crossclick\" data-gtm-custom-label=\"Contextuel\" data-gtm-event=\"customEventSPE\" data-fig-domain=\"LEFIGARO\" target=\"_blank\" rel=\"noopener\">permettant de refuser de pratiquer l&rsquo;aide \u00e0 mourir<\/a>. Ils doivent alors communiquer \u00e0 la personne le nom de professionnels dispos\u00e9s \u00e0 le faire.<\/p>\n<p class=\"fig-paragraph\">Le texte pr\u00e9voit \u00e9galement un\u00a0<a href=\"http:\/\/www.lefigaro.fr\/actualite-france\/fin-de-vie-les-deputes-penalisent-l-entrave-a-l-euthanasie-mais-refusent-de-sanctionner-l-incitation-20250524\" data-fig-type=\"NewsFlash\" data-gtm-custom-categorie=\"navigation\" data-gtm-custom-action=\"crossclick\" data-gtm-custom-label=\"Contextuel\" data-gtm-event=\"customEventSPE\" data-fig-domain=\"LEFIGARO\" target=\"_blank\" rel=\"noopener\">d\u00e9lit d&rsquo;entrave \u00e0 l&rsquo;acc\u00e8s \u00e0 l&rsquo;aide \u00e0 mourir<\/a>, similaire \u00e0 celui en place pour les interruptions volontaires de grossesse (IVG). Il est puni de deux ans de prison et 30.000 euros d&rsquo;amende.<\/p>\n<p>Quid des soins palliatifs\u00a0?<\/p>\n<p class=\"fig-paragraph\">Le premier texte pr\u00e9voit lui un droit opposable aux soins palliatifs. Il contient \u00e9galement la cr\u00e9ation de \u00abmaisons d&rsquo;accompagnement et de soins palliatifs\u00bb offrant une alternative \u00e0 l&rsquo;h\u00f4pital. Ces lieux d&rsquo;h\u00e9bergement proposeront des soins sp\u00e9cialis\u00e9s pour \u00abdes personnes en\u00a0<a href=\"http:\/\/www.lefigaro.fr\/politique\/macron-et-la-loi-fin-de-vie-huit-ans-d-ambivalence-20250526\" data-fig-type=\"Article\" data-gtm-custom-categorie=\"navigation\" data-gtm-custom-action=\"crossclick\" data-gtm-custom-label=\"Contextuel\" data-gtm-event=\"customEventSPE\" data-fig-domain=\"LEFIGARO\" target=\"_blank\" rel=\"noopener\">fin de vie<\/a> \u00a0dont l&rsquo;\u00e9tat m\u00e9dical est stabilis\u00e9\u00bb et qui ne peuvent ou ne souhaitent pas rester chez elles.<\/p>\n<p class=\"fig-paragraph\">La proposition de loi pr\u00e9voit aussi qu&rsquo;un \u00abplan personnalis\u00e9 d&rsquo;accompagnement\u00bb soit propos\u00e9 aux patients diagnostiqu\u00e9s d&rsquo;une maladie grave ou en d\u00e9but de perte d&rsquo;autonomie li\u00e9e au vieillissement, notamment.<\/p>\n<p class=\"fig-paragraph\">Une programmation pluriannuelle des soins palliatifs devra d\u00e9terminer, avant fin 2025 puis tous les cinq ans, la trajectoire de d\u00e9veloppement de l&rsquo;offre de soins palliatifs.<\/p>\n","protected":false},"excerpt":{"rendered":"Apr\u00e8s deux semaines de d\u00e9bat parlementaire, les textes sur l\u2019aide \u00e0 mourir et sur les soins palliatifs seront&hellip;\n","protected":false},"author":2,"featured_media":131183,"comment_status":"","ping_status":"","sticky":false,"template":"","format":"standard","meta":{"footnotes":""},"categories":[4],"tags":[47,1058,1054,1059,1060,1055,11,1057,118,7977,1011,27,1061,303,12,1062,25,656,104,1056,20812,809],"class_list":{"0":"post-131182","1":"post","2":"type-post","3":"status-publish","4":"format-standard","5":"has-post-thumbnail","7":"category-france","8":"tag-actualite","9":"tag-actualite-education","10":"tag-actualite-france","11":"tag-actualite-justice","12":"tag-actualite-securite","13":"tag-actualite-societe","14":"tag-actualites","15":"tag-education","16":"tag-faits-divers","17":"tag-fin-de-vie","18":"tag-fr","19":"tag-france","20":"tag-immigration","21":"tag-justice","22":"tag-news","23":"tag-polemique","24":"tag-republique-francaise","25":"tag-securite","26":"tag-societe","27":"tag-societe-francaise","28":"tag-soins-palliatifs","29":"tag-violence"},"share_on_mastodon":{"url":"https:\/\/pubeurope.com\/@fr\/114578518411010835","error":""},"_links":{"self":[{"href":"https:\/\/www.europesays.com\/fr\/wp-json\/wp\/v2\/posts\/131182","targetHints":{"allow":["GET"]}}],"collection":[{"href":"https:\/\/www.europesays.com\/fr\/wp-json\/wp\/v2\/posts"}],"about":[{"href":"https:\/\/www.europesays.com\/fr\/wp-json\/wp\/v2\/types\/post"}],"author":[{"embeddable":true,"href":"https:\/\/www.europesays.com\/fr\/wp-json\/wp\/v2\/users\/2"}],"replies":[{"embeddable":true,"href":"https:\/\/www.europesays.com\/fr\/wp-json\/wp\/v2\/comments?post=131182"}],"version-history":[{"count":0,"href":"https:\/\/www.europesays.com\/fr\/wp-json\/wp\/v2\/posts\/131182\/revisions"}],"wp:featuredmedia":[{"embeddable":true,"href":"https:\/\/www.europesays.com\/fr\/wp-json\/wp\/v2\/media\/131183"}],"wp:attachment":[{"href":"https:\/\/www.europesays.com\/fr\/wp-json\/wp\/v2\/media?parent=131182"}],"wp:term":[{"taxonomy":"category","embeddable":true,"href":"https:\/\/www.europesays.com\/fr\/wp-json\/wp\/v2\/categories?post=131182"},{"taxonomy":"post_tag","embeddable":true,"href":"https:\/\/www.europesays.com\/fr\/wp-json\/wp\/v2\/tags?post=131182"}],"curies":[{"name":"wp","href":"https:\/\/api.w.org\/{rel}","templated":true}]}}