{"id":131184,"date":"2025-05-27T07:03:11","date_gmt":"2025-05-27T07:03:11","guid":{"rendered":"https:\/\/www.europesays.com\/fr\/131184\/"},"modified":"2025-05-27T07:03:11","modified_gmt":"2025-05-27T07:03:11","slug":"fin-de-vie-greve-des-taxis-budget-agriculteurs-francois-bayrou-invite-exceptionnel-de-bfmtv-rmc-le-figaro","status":"publish","type":"post","link":"https:\/\/www.europesays.com\/fr\/131184\/","title":{"rendered":"Fin de vie, gr\u00e8ve des taxis, budget, agriculteurs&#8230;Fran\u00e7ois Bayrou invit\u00e9 exceptionnel de BFMTV-RMC &#8211; Le Figaro"},"content":{"rendered":"<ol>\n<li><a href=\"https:\/\/news.google.com\/rss\/articles\/CBMi6AFBVV95cUxNTjVtVlRQOVRyb2xyX1VGQ2wzeFFlYWNTNUpUMmxNWFJmTUtRUEdUWU9qb3NRTDNsczZmazNISnl1NU5fV05rbnRuYWxPdFpiekU4QXc2V0lxX0Nlc1lyWHNXNzFtMmdMNTFuMWF2OW03OGk4WjVaaTdfRzItTzluR2RoSldJakZUV2N5d2g2cHFIM19iR3ZiVTJkdmZrd0oxbG9mREF0Yl9rTjlOUmpZWGNKS3pOdVAyVGtUNlZLM2dURkdqbUJRSWwtVDBhdjF1UXhCbmpwbXdobk5TS3ZPMUwwVUlXWjYt?oc=5\" target=\"_blank\" rel=\"noopener\">Fin de vie, gr\u00e8ve des taxis, budget, agriculteurs&#8230;Fran\u00e7ois Bayrou invit\u00e9 exceptionnel de BFMTV-RMC<\/a>&nbsp;&nbsp;Le Figaro<\/li>\n<li><a href=\"https:\/\/news.google.com\/rss\/articles\/CBMi4wFBVV95cUxPblcyUkpPUHJCNHJSeW9KZW1ydUFySWw0dWRsNm5EYnQ3Q1pOMVNsQUp5WFF2LUNVc00wWWRNV3E1cXpDamtpcm5lWkFYdUE4VHVGTjhIY25NalUyeUJzd2tIN2k4Y3h1cWU2MzBOTTlHbm5HYUh4SXJVQTF6ZEE1cUNFVmpLa25raEFKZ1FzbUxabmFpNEdTY0FkU1U0N2lScnJXaG1sWTRUVWNHVmRsVFlVZmR0bjEzNGpSQlk4V3IwSV8yakhCV3BTZDgzbkl2YmY0UnNubExZby1uQjlmQURzRQ?oc=5\" target=\"_blank\" rel=\"noopener\">\u00ab\u00a0Le travail en France n&rsquo;est pas r\u00e9compens\u00e9 comme il devrait l&rsquo;\u00eatre\u00a0\u00bb, d\u00e9clare Fran\u00e7ois Bayrou<\/a>&nbsp;&nbsp;Actualit\u00e9s \u2013 Orange<\/li>\n<li><a href=\"https:\/\/news.google.com\/rss\/articles\/CBMiywFBVV95cUxOUUdXZVRYQ3JZd2pBQUpRbzY5V3NHU1ZBRlFGTS1zYmlWbnFXcEVwZjhlZExHSFkxNHhVOWhna2lpUDgwVC1sNEVxMWd6NE0zOElUMFFpVVdSOFp0YzJwOTJEdFdUM1gxTkFNY001S0M2LWRybjh1MHNsTTRmLXJHU0ZNbDJ1WVFITGdERm5IaTU4Vi1JUXA2cF9SMEdraTFlby03c1BNekdmbVZ4VkI4Ujg1ODNnemtGbG4xczdNTkJKQWplTThXVkwzWQ?oc=5\" target=\"_blank\" rel=\"noopener\">Fran\u00e7ois Bayrou annonce des \u00e9conomies, un \u00ab effort tous les Fran\u00e7ais \u00bb<\/a>&nbsp;&nbsp;20 Minutes<\/li>\n<li><a href=\"https:\/\/news.google.com\/rss\/articles\/CBMi8wFBVV95cUxNcWdta1RZY3ZlQ2pOOWdHLVc3MVhuNDliSHNwTnVROXYtZmtWV0Fib0JETUIyTmF2dGlWakhBZEthS3VwMXlPRVkwaFd4LWFDcEVnVmhkUlVyaXhuTkVheTBrMlhleDN4M0FKQUpzVmFtQk5wbEdWWUFIdnNKMDRIUVdQOHVDWXR5Y1VFY1UxTm9HZ290cmdESHUyRHY4dU41bjJVR2c5NkhoODloZDViTlY3czlkY2hvZElpLUlsd1A0di0yWUhFZDVCUWZaNEJISVRqVmZqczQyaGxxdEx6U1pxZUVkc1VQb1N3UkZ2ek5rSDg?oc=5\" target=\"_blank\" rel=\"noopener\">PODCAST : Les off de Legendre : Budget, le grand remue-m\u00e9ninges des \u00e9conomies &#8211; 27\/05<\/a>&nbsp;&nbsp;BFMTV<\/li>\n<li><a href=\"https:\/\/news.google.com\/rss\/articles\/CBMi-AFBVV95cUxOTnRkbUlYMVZBUG5ZLTBsU0JraHhfLUFNYm9nbmZIdFdqWTZtbC1sLWRDOGxvVHE0TGxURGg0aVBnb0xkNEZDYndGc1JpOVl1SGl1RDJXVUh0dDU0WWE3SWw2VnVpN2FYUEREdGFsbmpBNXFvaFhTWF9fbDNqeEVYV0hxTmVmNEZlcmRsMTZ1RWFlNEZieWVIX3UzT2xDSi0xLXo1SG5vbWdyeWtJOHFBMGZHREhlRTU5TXRkRGFvNXl5VXN5dTVUVmdubjBwWjhfWmRINml0cjUzQWs3bDhReERadkRFclMzS2ZqODRVd0RFaUttVW5HcA?oc=5\" target=\"_blank\" rel=\"noopener\">Budget : Fran\u00e7ois Bayrou va demander un \u00ab effort \u00e0 tous les Fran\u00e7ais \u00bb pour redresser les finances publiques<\/a>&nbsp;&nbsp;Sud Ouest<\/li>\n<\/ol>\n","protected":false},"excerpt":{"rendered":"Fin de vie, gr\u00e8ve des taxis, budget, agriculteurs&#8230;Fran\u00e7ois Bayrou invit\u00e9 exceptionnel de BFMTV-RMC&nbsp;&nbsp;Le Figaro \u00ab\u00a0Le travail en France&hellip;\n","protected":false},"author":2,"featured_media":131185,"comment_status":"","ping_status":"","sticky":false,"template":"","format":"standard","meta":{"footnotes":""},"categories":[2],"tags":[11,2572,426,427,422,423,7977,1011,27,431,418,424,425,420,421,12,419,316,429,9548,428],"class_list":{"0":"post-131184","1":"post","2":"type-post","3":"status-publish","4":"format-standard","5":"has-post-thumbnail","7":"category-actualites","8":"tag-actualites","9":"tag-agriculteurs","10":"tag-candidat","11":"tag-candidats","12":"tag-depute","13":"tag-deputes","14":"tag-fin-de-vie","15":"tag-fr","16":"tag-france","17":"tag-francois-bayrou","18":"tag-gouvernement","19":"tag-institution","20":"tag-institutions","21":"tag-loi","22":"tag-lois","23":"tag-news","24":"tag-opposition","25":"tag-politique","26":"tag-ps","27":"tag-taxis","28":"tag-ump"},"share_on_mastodon":{"url":"https:\/\/pubeurope.com\/@fr\/114578522318351364","error":""},"_links":{"self":[{"href":"https:\/\/www.europesays.com\/fr\/wp-json\/wp\/v2\/posts\/131184","targetHints":{"allow":["GET"]}}],"collection":[{"href":"https:\/\/www.europesays.com\/fr\/wp-json\/wp\/v2\/posts"}],"about":[{"href":"https:\/\/www.europesays.com\/fr\/wp-json\/wp\/v2\/types\/post"}],"author":[{"embeddable":true,"href":"https:\/\/www.europesays.com\/fr\/wp-json\/wp\/v2\/users\/2"}],"replies":[{"embeddable":true,"href":"https:\/\/www.europesays.com\/fr\/wp-json\/wp\/v2\/comments?post=131184"}],"version-history":[{"count":0,"href":"https:\/\/www.europesays.com\/fr\/wp-json\/wp\/v2\/posts\/131184\/revisions"}],"wp:featuredmedia":[{"embeddable":true,"href":"https:\/\/www.europesays.com\/fr\/wp-json\/wp\/v2\/media\/131185"}],"wp:attachment":[{"href":"https:\/\/www.europesays.com\/fr\/wp-json\/wp\/v2\/media?parent=131184"}],"wp:term":[{"taxonomy":"category","embeddable":true,"href":"https:\/\/www.europesays.com\/fr\/wp-json\/wp\/v2\/categories?post=131184"},{"taxonomy":"post_tag","embeddable":true,"href":"https:\/\/www.europesays.com\/fr\/wp-json\/wp\/v2\/tags?post=131184"}],"curies":[{"name":"wp","href":"https:\/\/api.w.org\/{rel}","templated":true}]}}