{"id":131186,"date":"2025-05-27T07:04:09","date_gmt":"2025-05-27T07:04:09","guid":{"rendered":"https:\/\/www.europesays.com\/fr\/131186\/"},"modified":"2025-05-27T07:04:09","modified_gmt":"2025-05-27T07:04:09","slug":"saint-etienne-un-incendie-se-declare-sur-la-terrasse-dun-appartement","status":"publish","type":"post","link":"https:\/\/www.europesays.com\/fr\/131186\/","title":{"rendered":"Saint-\u00c9tienne : un incendie se d\u00e9clare sur la terrasse d&rsquo;un appartement"},"content":{"rendered":"<p>Le feu est parti aux alentours de 15h, ce lundi 26 mai, rue Jules Ledin, pr\u00e8s de la place Jacquard, \u00e0 Saint-\u00c9tienne.<\/p>\n<p>Une vingtaine de pompiers mobilis\u00e9s dans le centre-ville de <b>Saint-\u00c9tienne<\/b>.<\/p>\n<p>Un incendie s&rsquo;est d\u00e9clar\u00e9 ce lundi 26 mai, <b>rue Jules Ledin<\/b>, pr\u00e8s de la place Jacquard.<\/p>\n<p>Une victime prise en charge<\/p>\n<p>Le feu est parti du mobilier d&rsquo;une terrasse, avant de se propager \u00e0 l&rsquo;ascenseur du b\u00e2timent et \u00e0 l&rsquo;appartement voisin. <b>Deux lances ont \u00e9t\u00e9 d\u00e9ploy\u00e9es<\/b> pour venir \u00e0 bout des flammes.\u00a0<\/p>\n<p><b>Une personne incommod\u00e9e par les fum\u00e9es<\/b> a d\u00fb \u00eatre prise en charge par les secours.<\/p>\n<p><img loading=\"lazy\" decoding=\"async\" src=\"https:\/\/www.europesays.com\/fr\/wp-content\/uploads\/2025\/05\/1748329449_418_img\" width=\"350\" height=\"200\" border=\"0\" title=\"Une interpellation\"\/><\/p>\n<p>\u25baFaits divers<\/p>\n<p style=\"font-size: 22px;\"><b>Pr\u00e8s de Lyon : un St\u00e9phanois interpell\u00e9 avec 300 kilos de cannabis sur l&rsquo;autoroute<\/b><\/p>\n<p>Une importante saisie de drogue a eu lieu dans la&#8230;<\/p>\n<p><\/p>\n","protected":false},"excerpt":{"rendered":"Le feu est parti aux alentours de 15h, ce lundi 26 mai, rue Jules Ledin, pr\u00e8s de la&hellip;\n","protected":false},"author":2,"featured_media":131187,"comment_status":"","ping_status":"","sticky":false,"template":"","format":"standard","meta":{"footnotes":""},"categories":[9653],"tags":[1111,11,2430,1777,674,1312,1011,27,1310,12,1311,25,9920,4001,16963],"class_list":{"0":"post-131186","1":"post","2":"type-post","3":"status-publish","4":"format-standard","5":"has-post-thumbnail","7":"category-saint-etienne","8":"tag-actu","9":"tag-actualites","10":"tag-auvergne-rhone-alpes","11":"tag-eu","12":"tag-europe","13":"tag-feu","14":"tag-fr","15":"tag-france","16":"tag-incendie","17":"tag-news","18":"tag-pompiers","19":"tag-republique-francaise","20":"tag-saint-tienne","21":"tag-saint-etienne","22":"tag-terrasse"},"share_on_mastodon":{"url":"https:\/\/pubeurope.com\/@fr\/114578526533213540","error":""},"_links":{"self":[{"href":"https:\/\/www.europesays.com\/fr\/wp-json\/wp\/v2\/posts\/131186","targetHints":{"allow":["GET"]}}],"collection":[{"href":"https:\/\/www.europesays.com\/fr\/wp-json\/wp\/v2\/posts"}],"about":[{"href":"https:\/\/www.europesays.com\/fr\/wp-json\/wp\/v2\/types\/post"}],"author":[{"embeddable":true,"href":"https:\/\/www.europesays.com\/fr\/wp-json\/wp\/v2\/users\/2"}],"replies":[{"embeddable":true,"href":"https:\/\/www.europesays.com\/fr\/wp-json\/wp\/v2\/comments?post=131186"}],"version-history":[{"count":0,"href":"https:\/\/www.europesays.com\/fr\/wp-json\/wp\/v2\/posts\/131186\/revisions"}],"wp:featuredmedia":[{"embeddable":true,"href":"https:\/\/www.europesays.com\/fr\/wp-json\/wp\/v2\/media\/131187"}],"wp:attachment":[{"href":"https:\/\/www.europesays.com\/fr\/wp-json\/wp\/v2\/media?parent=131186"}],"wp:term":[{"taxonomy":"category","embeddable":true,"href":"https:\/\/www.europesays.com\/fr\/wp-json\/wp\/v2\/categories?post=131186"},{"taxonomy":"post_tag","embeddable":true,"href":"https:\/\/www.europesays.com\/fr\/wp-json\/wp\/v2\/tags?post=131186"}],"curies":[{"name":"wp","href":"https:\/\/api.w.org\/{rel}","templated":true}]}}