{"id":131188,"date":"2025-05-27T07:05:20","date_gmt":"2025-05-27T07:05:20","guid":{"rendered":"https:\/\/www.europesays.com\/fr\/131188\/"},"modified":"2025-05-27T07:05:20","modified_gmt":"2025-05-27T07:05:20","slug":"six-bancs-publics-concus-et-fabriques-localement-sont-exposes-en-ville","status":"publish","type":"post","link":"https:\/\/www.europesays.com\/fr\/131188\/","title":{"rendered":"six bancs publics con\u00e7us et fabriqu\u00e9s localement sont expos\u00e9s en ville"},"content":{"rendered":"<p>L\u2019op\u00e9ration Banc d\u2019essai permet de concevoir puis d\u2019exp\u00e9rimenter de nouveaux objets urbains pendant les biennales internationales de design. Sa cinqui\u00e8me \u00e9dition est consacr\u00e9e au banc public en liaison avec la th\u00e9matique g\u00e9n\u00e9rale de la Biennale 2025, \u00ab\u00a0Ressource(s), pr\u00e9sager demain\u00a0\u00bb.<\/p>\n<p>\u00c9l\u00e9ment incontournable du mobilier urbain, \u00e0 la fois utilitaire, convivial et populaire, le banc \u00ab\u00a0symbolise le vivre ensemble\u00a0\u00bb, ainsi que l\u2019a soulign\u00e9 Marc Chassaub\u00e9n\u00e9, pr\u00e9sident de la Cit\u00e9 du design, qui souhaite faire de l\u2019espace public un v\u00e9ritable \u00ab\u00a0laboratoire de design \u00e0 ciel ouvert\u00a0\u00bb.<\/p>\n<p>  Six duos form\u00e9s ont imagin\u00e9 des prototypes originaux<\/p>\n<p>Six duos form\u00e9s par des entreprises r\u00e9gionales et des designers dipl\u00f4m\u00e9s de l\u2019\u00c9cole sup\u00e9rieure d\u2019art et de design Saint-Etienne (Esadse) ont imagin\u00e9 des prototypes originaux en travaillant tant la conception, la recyclabilit\u00e9 et la modularit\u00e9 des usages que les \u00e9conomies de moyens et de ressources.<\/p>\n<p><a href=\"https:\/\/www.leprogres.fr\/culture-loisirs\/2024\/01\/12\/faire-de-la-cite-un-vrai-lieu-de-creation-autour-des-designers\" target=\"_blank\" rel=\"nofollow noopener\">Le designer Eric Jourdan, directeur g\u00e9n\u00e9ral de la Cit\u00e9 du design<\/a>, s\u2019est f\u00e9licit\u00e9 que la richesse et la vari\u00e9t\u00e9 de la formation de l\u2019Esadse soient ainsi mises en valeur gr\u00e2ce aux r\u00e9alisations de ses anciens \u00e9tudiants dont \u00ab\u00a0les \u00e9critures sont tr\u00e8s diff\u00e9rentes\u00a0\u00bb.<\/p>\n<p>Bois ou acier, esth\u00e9tique \u00e9pur\u00e9e, modularit\u00e9\u2026 Les designers ont laiss\u00e9 libre cours \u00e0 leur cr\u00e9ativit\u00e9 pour proposer des bancs qui permettent de valoriser le savoir-faire des entreprises r\u00e9gionales avec lesquelles ils ont travaill\u00e9, tout en int\u00e9grant les enjeux de pr\u00e9servation des ressources.<\/p>\n<p>  Les bancs seront d\u00e9mont\u00e9s pour \u00eatre install\u00e9s dans six communes de Saint-Etienne M\u00e9tropole<\/p>\n<p>Ainsi, Nicolas Girard, designer du banc Uzore, a exploit\u00e9 toutes les possibilit\u00e9s offertes par un syst\u00e8me de fixation brevet\u00e9 par la soci\u00e9t\u00e9 Metalink Urban de Saint-Etienne. Mathilde Garcia, designer du banc Vara, s\u2019est quant \u00e0 elle appuy\u00e9e sur les standards de production de l\u2019entreprise Gaillard Rondino de Savigneux pour limiter les transformations superflues de mati\u00e8re et pr\u00e9venir ainsi tout gaspillage.<\/p>\n<p>R\u00e9v\u00e9latrice de talents et g\u00e9n\u00e9ratrice d\u2019innovation, l\u2019op\u00e9ration Banc d\u2019essai est une v\u00e9ritable vitrine pour les entreprises r\u00e9gionales, dont le savoir-faire est valoris\u00e9.<\/p>\n<p>\u00c0 l\u2019issue de la Biennale design, les bancs que les St\u00e9phanois peuvent actuellement d\u00e9couvrir place Waldeck-Rousseau seront d\u00e9mont\u00e9s pour \u00eatre install\u00e9s dans six communes de Saint-Etienne M\u00e9tropole\u00a0: Cellieu, Fontan\u00e8s, La Tour-en-Jarez, Rive-de-Gier, Saint-Christo-en-Jarez et Valfleury.<\/p>\n<p>Les six bancs ont \u00e9t\u00e9 test\u00e9s par les danseurs de break danse de Melting Force Studio qui ont con\u00e7u un spectacle int\u00e9grant les possibilit\u00e9s artistiques qu\u2019ils offrent.<\/p>\n<p class=\"note\">Mod\u00e8le Vara\u00a0: designer Mathilde Garcia et entreprise Gaillard Rondino (Savigneux).<\/p>\n<p class=\"note\">Mod\u00e8le Otto\u00a0: designer Elen Gavillet et entreprise Cintrafil (Tence).<\/p>\n<p class=\"note\">Mod\u00e8le Modeste\u00a0: designer Nathana\u00ebl Gourdin et entreprise T\u00f4lerie for\u00e9zienne (Bonson).<\/p>\n<p class=\"note\">Mod\u00e8le Uzore\u00a0: designer Nicolas Girard et entreprise Metalink Urban (Saint-Etienne).<\/p>\n<p class=\"note\">Mod\u00e8le Empreintes\u00a0: designer Num\u00e9ro\u00a0111 et entreprise Aubrillam (Brioude).<\/p>\n<p class=\"note\">Mod\u00e8le Gier\u00a0: designer Cluzel &amp; Pluchon et entreprise Guyon (Thiers)<\/p>\n","protected":false},"excerpt":{"rendered":"L\u2019op\u00e9ration Banc d\u2019essai permet de concevoir puis d\u2019exp\u00e9rimenter de nouveaux objets urbains pendant les biennales internationales de design.&hellip;\n","protected":false},"author":2,"featured_media":131189,"comment_status":"","ping_status":"","sticky":false,"template":"","format":"standard","meta":{"footnotes":""},"categories":[9653],"tags":[1111,11,2430,1687,7539,1777,674,2271,1011,27,12,25,4001,7538],"class_list":{"0":"post-131188","1":"post","2":"type-post","3":"status-publish","4":"format-standard","5":"has-post-thumbnail","7":"category-saint-etienne","8":"tag-actu","9":"tag-actualites","10":"tag-auvergne-rhone-alpes","11":"tag-culture-loisirs","12":"tag-edition-loire-sud","13":"tag-eu","14":"tag-europe","15":"tag-exposition-arts-plastiques","16":"tag-fr","17":"tag-france","18":"tag-news","19":"tag-republique-francaise","20":"tag-saint-etienne","21":"tag-saint-etienne-ville"},"share_on_mastodon":{"url":"https:\/\/pubeurope.com\/@fr\/114578530299840955","error":""},"_links":{"self":[{"href":"https:\/\/www.europesays.com\/fr\/wp-json\/wp\/v2\/posts\/131188","targetHints":{"allow":["GET"]}}],"collection":[{"href":"https:\/\/www.europesays.com\/fr\/wp-json\/wp\/v2\/posts"}],"about":[{"href":"https:\/\/www.europesays.com\/fr\/wp-json\/wp\/v2\/types\/post"}],"author":[{"embeddable":true,"href":"https:\/\/www.europesays.com\/fr\/wp-json\/wp\/v2\/users\/2"}],"replies":[{"embeddable":true,"href":"https:\/\/www.europesays.com\/fr\/wp-json\/wp\/v2\/comments?post=131188"}],"version-history":[{"count":0,"href":"https:\/\/www.europesays.com\/fr\/wp-json\/wp\/v2\/posts\/131188\/revisions"}],"wp:featuredmedia":[{"embeddable":true,"href":"https:\/\/www.europesays.com\/fr\/wp-json\/wp\/v2\/media\/131189"}],"wp:attachment":[{"href":"https:\/\/www.europesays.com\/fr\/wp-json\/wp\/v2\/media?parent=131188"}],"wp:term":[{"taxonomy":"category","embeddable":true,"href":"https:\/\/www.europesays.com\/fr\/wp-json\/wp\/v2\/categories?post=131188"},{"taxonomy":"post_tag","embeddable":true,"href":"https:\/\/www.europesays.com\/fr\/wp-json\/wp\/v2\/tags?post=131188"}],"curies":[{"name":"wp","href":"https:\/\/api.w.org\/{rel}","templated":true}]}}