{"id":131195,"date":"2025-05-27T07:10:10","date_gmt":"2025-05-27T07:10:10","guid":{"rendered":"https:\/\/www.europesays.com\/fr\/131195\/"},"modified":"2025-05-27T07:10:10","modified_gmt":"2025-05-27T07:10:10","slug":"lattara-site-antique-de-2-500-ans-entre-dans-une-nouvelle-ere","status":"publish","type":"post","link":"https:\/\/www.europesays.com\/fr\/131195\/","title":{"rendered":"Lattara, site antique de 2 500 ans, entre dans une nouvelle \u00e8re"},"content":{"rendered":"<p>            Par<br \/>\n        <strong><br \/>\n            <a href=\"https:\/\/actu.fr\/auteur\/lea-pippinato\" title=\"Consulter tous les articles de L\u00e9a Pippinato\" rel=\"nofollow noopener\" target=\"_blank\">L\u00e9a Pippinato<\/a><br \/>\n        <\/strong><\/p>\n<p>        Publi\u00e9 le<\/p>\n<p>            27 mai 2025 \u00e0 8h35        <\/p>\n<p>Un chantier discret mais fondamental se pr\u00e9pare aux portes de Montpellier. <strong> Ce lundi 26 mai 2025<\/strong>, \u00e0 Lattes, la M\u00e9tropole a d\u00e9voil\u00e9 les contours du projet de transformation du site arch\u00e9ologique de Lattara, lors d\u2019une conf\u00e9rence de presse. Autour de Micha\u00ebl Delafosse, maire de Montpellier et pr\u00e9sident de la M\u00e9tropole, se sont rassembl\u00e9s architectes et repr\u00e9sentants de la R\u00e9gion pour pr\u00e9senter une op\u00e9ration structur\u00e9e en plusieurs s\u00e9quences, destin\u00e9e \u00e0 faire de Lattara un p\u00f4le culturel, scientifique et touristique majeur.<\/p>\n<p>    <a href=\"https:\/\/www.google.com\/maps\/embed?pb=!1m18!1m12!1m3!1d23114.090373704526!2d3.8535167999999995!3d43.6011008!2m3!1f0!2f0!3f0!3m2!1i1024!2i768!4f13.1!3m3!1m2!1s0x12b6b00104b67683%3A0x9d16fd9e4db8832c!2sMus%C3%A9e%20arch%C3%A9ologique%20Henri-Prades!5e0!3m2!1sen!2sfr!4v1748274633903!5m2!1sen!2sfr\" title=\"Ouvrie le lien\" rel=\"nofollow noopener\" target=\"_blank\">Cliquez ici pour visualiser le contenu<\/a><\/p>\n<p class=\" wall-content\">Situ\u00e9 sur les vestiges d\u2019un port fond\u00e9 vers -500 avant notre \u00e8re, le site de Lattara constitue l\u2019un des t\u00e9moins les plus pr\u00e9cieux des \u00e9changes antiques entre le nord-ouest m\u00e9diterran\u00e9en et l\u2019arri\u00e8re-pays gaulois. Depuis plusieurs ann\u00e9es, comit\u00e9s scientifiques et comit\u00e9s de pilotage, encadr\u00e9s par le P\u00f4le Culture et Patrimoine de la M\u00e9tropole et les \u00e9quipes du mus\u00e9e Henri Prades, ont travaill\u00e9 \u00e0 la d\u00e9finition de ce projet. Il s\u2019agit d\u2019une requalification compl\u00e8te du site, adoss\u00e9e \u00e0 une logique de diffusion des savoirs, de mise en valeur du patrimoine local et de soutien \u00e0 la recherche. \u00a0Le projet architectural a \u00e9t\u00e9 confi\u00e9 \u00e0 Karine Herman, fondatrice de l\u2019agence<strong> K Architectures<\/strong>, \u00e0 l\u2019issue d\u2019un concours tr\u00e8s disput\u00e9. Plus de quarante candidats s\u2019\u00e9taient pr\u00e9sent\u00e9s.<\/p>\n<p>Le triptyque mus\u00e9e\u2013site\u2013centre d\u2019\u00e9tude<\/p>\n<p class=\" wall-content\">\u00ab\u00a0Ce projet est remarquable parce qu\u2019il r\u00e9unit trois fonctions rarement associ\u00e9es dans un m\u00eame lieu\u00a0\u00bb, a soulign\u00e9 Michel Roussel, directeur r\u00e9gional des affaires culturelles (DRAC) de la R\u00e9gion Occitanie. \u00ab\u00a0Un site arch\u00e9ologique accessible, un mus\u00e9e enrichi, et un centre de conservation et d\u2019\u00e9tudes.\u00a0\u00bb Le mus\u00e9e Henri Prades, d\u00e9j\u00e0 en place, sera int\u00e9gr\u00e9 au parcours comme l\u2019un des points d\u2019entr\u00e9e du complexe. Son accueil sera r\u00e9am\u00e9nag\u00e9 pour mieux articuler les diff\u00e9rentes s\u00e9quences de visite. \u00c0 ses abords, un deck et un \u00ab\u00a0point haut\u00a0\u00bb offriront une vue sur le site antique. Ce mus\u00e9e pr\u00e9sentera le quotidien des habitants de Lattara \u00e0 travers une riche collection d\u2019objets issus des fouilles locales. Le site arch\u00e9ologique, encore ferm\u00e9 au public aujourd\u2019hui, fera l\u2019objet d\u2019un parcours d\u2019interpr\u00e9tation qui mettra en lumi\u00e8re l\u2019\u00e9volution de l\u2019urbanisme, les \u00e9changes commerciaux, mais aussi les grandes transformations environnementales, notamment le recul du trait de c\u00f4te.\u00a0<\/p>\n<p class=\" wall-content\"><strong>Le Centre de Conservation et d\u2019\u00c9tudes Arch\u00e9ologiques<\/strong> (CCEA) prendra place dans les anciens chais r\u00e9nov\u00e9s. Il proposera des espaces adapt\u00e9s au traitement des collections issues des fouilles : r\u00e9serves climatis\u00e9es, salles d\u2019\u00e9tude, laboratoires, salle de prise de vue, centre de documentation, archives, bureaux. Il accueillera les chercheurs, les \u00e9quipes du CNRS, les universitaires et les \u00e9tudiants. \u00ab\u00a0Ce site a d\u00e9j\u00e0 form\u00e9 des g\u00e9n\u00e9rations d\u2019arch\u00e9ologues\u00a0\u00bb, a rappel\u00e9 Diane Dusseaux, directrice du site. \u00ab\u00a0Avec le CCEA, nous garantissons que les collections restent vivantes, qu\u2019elles soient conserv\u00e9es dans les meilleures conditions et qu\u2019elles continuent d\u2019\u00eatre \u00e9tudi\u00e9es.\u00a0\u00bb Ces collections, issues des 31 communes de la M\u00e9tropole de Montpellier, seront centralis\u00e9es ici. Ce sera un outil de travail essentiel pour la recherche arch\u00e9ologique locale, nationale et internationale.<\/p>\n<p>Vid\u00e9os : en ce moment sur Actu<br \/>\n    <img   decoding=\"async\" loading=\"lazy\" src=\"https:\/\/www.europesays.com\/fr\/wp-content\/uploads\/2025\/05\/tempimagemdorld-960x640.jpg\" alt=\"Les vestiges de l\u2019ancienne cit\u00e9 portuaire seront bient\u00f4t accessibles au public gr\u00e2ce \u00e0 un parcours d\u2019interpr\u00e9tation int\u00e9gr\u00e9 au paysage naturel.\" width=\"960\" height=\"640\"\/><br \/>\n    Les vestiges de l\u2019ancienne cit\u00e9 portuaire seront bient\u00f4t accessibles au public gr\u00e2ce \u00e0 un parcours d\u2019interpr\u00e9tation int\u00e9gr\u00e9 au paysage naturel. (\u00a9M\u00e9tropolitain \/ LP)Le Mas Saint-Sauveur, nouvelle maison de la m\u00e9diation<\/p>\n<p class=\" wall-content\"><strong>Le Mas Saint-Sauveur<\/strong> accueillera les nouveaux espaces de m\u00e9diation. Dans son hall d\u2019entr\u00e9e vitr\u00e9 ouvert sur un deck dominant les fouilles, les visiteurs trouveront la billetterie, une boutique, un espace caf\u00e9 et des vestiaires. \u00c0 l\u2019\u00e9tage, plusieurs salles accueilleront des ateliers p\u00e9dagogiques, des projections et un centre de documentation. Ce volet \u00e9ducatif fait partie de l\u2019ADN du mus\u00e9e depuis sa fondation, il y a quarante ans.<\/p>\n<p class=\" wall-content\">Le projet tient compte de l\u2019environnement paysager et \u00e9cologique du site. Situ\u00e9 \u00e0 proximit\u00e9 imm\u00e9diate de la Maison de la Nature, le site arch\u00e9ologique de Lattara b\u00e9n\u00e9ficie d\u2019un cadre remarquable. L\u2019ensemble du complexe a \u00e9t\u00e9 con\u00e7u pour pr\u00e9server et mettre en valeur cet environnement, notamment avec la cr\u00e9ation d\u2019un parvis arbor\u00e9, d\u2019une cour int\u00e9rieure pens\u00e9e comme un \u00eelot de fra\u00eecheur, et d\u2019un cheminement doux \u00e0 travers les vestiges. Pour Michel Roussel, cette attention au cadre naturel est capitale : \u00ab\u00a0Le trait de c\u00f4te a recul\u00e9 de plusieurs kilom\u00e8tres depuis l\u2019Antiquit\u00e9. Cette r\u00e9alit\u00e9 g\u00e9ographique doit \u00eatre int\u00e9gr\u00e9e dans le r\u00e9cit, et c\u2019est aussi un levier de sensibilisation au d\u00e9veloppement durable.\u00a0\u00bb<\/p>\n<p>Un nouveau phare pour le tourisme culturel en Occitanie<\/p>\n<p class=\" wall-content\">Les travaux commenceront <strong>en 2027<\/strong> pour une livraison en trois temps. Fin 2028, les premiers espaces ouverts au public seront les nouveaux lieux de m\u00e9diation et le centre d\u2019interpr\u00e9tation du site. Le CCEA suivra en 2029. Enfin, en 2030, le parcours arch\u00e9ologique ext\u00e9rieur sera accessible. Avec un budget global de <strong>19,1 millions d\u2019euros<\/strong> TTC, financ\u00e9 conjointement par la M\u00e9tropole, l\u2019\u00c9tat et la R\u00e9gion Occitanie dans le cadre du contrat de plan \u00c9tat-R\u00e9gion, cette op\u00e9ration vise une articulation fine entre recherche, conservation, m\u00e9diation et loisirs culturels.<\/p>\n<p class=\" wall-content\">Montpellier entend inscrire Lattara dans un parcours culturel r\u00e9gional aux c\u00f4t\u00e9s du mus\u00e9e de la Romanit\u00e9 \u00e0 N\u00eemes ou de Narbo Via \u00e0 Narbonne. \u00ab\u00a0Il y a ici une strat\u00e9gie touristique et culturelle qui se dessine\u00a0\u00bb, assure Micha\u00ebl Delafosse. \u00ab\u00a0Nous sommes sur la voie domitienne, \u00e0 un carrefour d\u2019\u00e9changes historiques entre le Nord et le Sud, entre la mer et les terres. Quand on fouille, on comprend mieux notre pr\u00e9sent.\u00a0\u00bb Le futur complexe arch\u00e9ologique entend bien le prouver.<\/p>\n<p class=\" wall-content\">Suivez toute l\u2019actualit\u00e9 de vos villes et m\u00e9dias favoris en vous inscrivant \u00e0 <a href=\"https:\/\/moncompte.actu.fr\" title=\"D\u00e9couvez Mon Actu\" rel=\"nofollow noopener\" data-trk=\"{&quot;cta&quot;:{&quot;action&quot;:&quot;https:\\\/\\\/moncompte.actu.fr&quot;,&quot;category&quot;:&quot;mon compte&quot;,&quot;from&quot;:&quot;article footer&quot;,&quot;name&quot;:&quot;Mon actu&quot;,&quot;type&quot;:&quot;cta&quot;}}\" target=\"_blank\">Mon Actu<\/a>.<\/p>\n","protected":false},"excerpt":{"rendered":"Par L\u00e9a Pippinato Publi\u00e9 le 27 mai 2025 \u00e0 8h35 Un chantier discret mais fondamental se pr\u00e9pare aux&hellip;\n","protected":false},"author":2,"featured_media":131196,"comment_status":"","ping_status":"","sticky":false,"template":"","format":"standard","meta":{"footnotes":""},"categories":[9599],"tags":[1111,11,730,1777,674,1011,27,1652,2208,12,2680,25,602,2086],"class_list":{"0":"post-131195","1":"post","2":"type-post","3":"status-publish","4":"format-standard","5":"has-post-thumbnail","7":"category-montpellier","8":"tag-actu","9":"tag-actualites","10":"tag-archeologie","11":"tag-eu","12":"tag-europe","13":"tag-fr","14":"tag-france","15":"tag-loisirs-culture","16":"tag-montpellier","17":"tag-news","18":"tag-occitanie","19":"tag-republique-francaise","20":"tag-tourisme","21":"tag-travaux"},"share_on_mastodon":{"url":"https:\/\/pubeurope.com\/@fr\/114578550164828233","error":""},"_links":{"self":[{"href":"https:\/\/www.europesays.com\/fr\/wp-json\/wp\/v2\/posts\/131195","targetHints":{"allow":["GET"]}}],"collection":[{"href":"https:\/\/www.europesays.com\/fr\/wp-json\/wp\/v2\/posts"}],"about":[{"href":"https:\/\/www.europesays.com\/fr\/wp-json\/wp\/v2\/types\/post"}],"author":[{"embeddable":true,"href":"https:\/\/www.europesays.com\/fr\/wp-json\/wp\/v2\/users\/2"}],"replies":[{"embeddable":true,"href":"https:\/\/www.europesays.com\/fr\/wp-json\/wp\/v2\/comments?post=131195"}],"version-history":[{"count":0,"href":"https:\/\/www.europesays.com\/fr\/wp-json\/wp\/v2\/posts\/131195\/revisions"}],"wp:featuredmedia":[{"embeddable":true,"href":"https:\/\/www.europesays.com\/fr\/wp-json\/wp\/v2\/media\/131196"}],"wp:attachment":[{"href":"https:\/\/www.europesays.com\/fr\/wp-json\/wp\/v2\/media?parent=131195"}],"wp:term":[{"taxonomy":"category","embeddable":true,"href":"https:\/\/www.europesays.com\/fr\/wp-json\/wp\/v2\/categories?post=131195"},{"taxonomy":"post_tag","embeddable":true,"href":"https:\/\/www.europesays.com\/fr\/wp-json\/wp\/v2\/tags?post=131195"}],"curies":[{"name":"wp","href":"https:\/\/api.w.org\/{rel}","templated":true}]}}