{"id":131199,"date":"2025-05-27T07:14:12","date_gmt":"2025-05-27T07:14:12","guid":{"rendered":"https:\/\/www.europesays.com\/fr\/131199\/"},"modified":"2025-05-27T07:14:12","modified_gmt":"2025-05-27T07:14:12","slug":"des-mineurs-isoles-dorment-devant-la-prefecture-depuis-un-mois","status":"publish","type":"post","link":"https:\/\/www.europesays.com\/fr\/131199\/","title":{"rendered":"des mineurs isol\u00e9s dorment devant la pr\u00e9fecture depuis un mois"},"content":{"rendered":"<p>Ils sont une vingtaine, ils viennent d\u2019Afrique subsaharienne et ils dorment dans des tentes devant la pr\u00e9fecture de Seine-Maritime depuis le 2 mai.<\/p>\n<p>\u00a0<\/p>\n<p>Ces abris de fortune ont \u00e9t\u00e9 financ\u00e9s par des syndicats de l\u2019Education nationale, la mairie a \u00e9galement fourni un chapiteau. Ces mineurs isol\u00e9s sont \u00e0 la rue et d\u00e9scolaris\u00e9s depuis pr\u00e8s d\u2019un an, pour certains. Ils viennent de C\u00f4te d\u2019Ivoire, du S\u00e9n\u00e9gal, du Mali ou encore de Guin\u00e9e-Conakry.<\/p>\n<p>D\u00e9marches avec le juge des enfants<\/p>\n<p>Certains mineurs ont \u00e9t\u00e9 reconnus comme tel par des tests osseux, que le R\u00e9seau Education Sans Fronti\u00e8re juge \u00ab\u00a0peu fiables\u00a0\u00bb, d\u2019autres, consid\u00e9r\u00e9s comme majeurs, sont livr\u00e9s \u00e0 eux-m\u00eames.<\/p>\n<p>Ceux dont la minorit\u00e9 n\u2019est pas reconnue par l\u2019Aide sociale \u00e0 l\u2019enfance sont dans une situation catastrophique, les d\u00e9marches avec le juge des enfants durent d\u00e9j\u00e0 depuis des mois et vont s\u2019\u00e9taler jusqu\u2019en ao\u00fbt, alarment les associations.<\/p>\n<p>Documents d\u2019\u00e9tat civil<\/p>\n<p>Un tract du Collectif Rouennais des Mineurs et Jeunes Majeurs reprend les revendications de RESF\u00a0: \u00e0 savoir des jugements pour enfants \u00ab\u00a0sans discrimination\u00a0\u00bb en prenant en compte les documents d\u2019\u00e9tat civil \u00e9mis par les autorit\u00e9s consulaires de leurs pays d\u2019origine.<\/p>\n<p>Le collectif demande aussi la poursuite de leur scolarit\u00e9, l\u2019acc\u00e8s \u00e0 des titres de transport pour effectuer leurs d\u00e9marches, et, enfin \u00e9videmment, l\u2019\u00e9galit\u00e9 des droits pour toutes et tous.<\/p>\n<p>\u00a0<\/p>\n","protected":false},"excerpt":{"rendered":"Ils sont une vingtaine, ils viennent d\u2019Afrique subsaharienne et ils dorment dans des tentes devant la pr\u00e9fecture de&hellip;\n","protected":false},"author":2,"featured_media":131200,"comment_status":"","ping_status":"","sticky":false,"template":"","format":"standard","meta":{"footnotes":""},"categories":[9587],"tags":[1111,11,25535,1777,674,1011,27,1251,25536,12,5161,13054,25,9590,25537],"class_list":{"0":"post-131199","1":"post","2":"type-post","3":"status-publish","4":"format-standard","5":"has-post-thumbnail","7":"category-rouen","8":"tag-actu","9":"tag-actualites","10":"tag-collectif-rouennais-des-mineurs-et-jeunes-majeurs","11":"tag-eu","12":"tag-europe","13":"tag-fr","14":"tag-france","15":"tag-migrants","16":"tag-mineurs-isoles-etrangers","17":"tag-news","18":"tag-normandie","19":"tag-prefecture-de-seine-maritime","20":"tag-republique-francaise","21":"tag-rouen","22":"tag-test-osseux"},"share_on_mastodon":{"url":"https:\/\/pubeurope.com\/@fr\/114578565517895096","error":""},"_links":{"self":[{"href":"https:\/\/www.europesays.com\/fr\/wp-json\/wp\/v2\/posts\/131199","targetHints":{"allow":["GET"]}}],"collection":[{"href":"https:\/\/www.europesays.com\/fr\/wp-json\/wp\/v2\/posts"}],"about":[{"href":"https:\/\/www.europesays.com\/fr\/wp-json\/wp\/v2\/types\/post"}],"author":[{"embeddable":true,"href":"https:\/\/www.europesays.com\/fr\/wp-json\/wp\/v2\/users\/2"}],"replies":[{"embeddable":true,"href":"https:\/\/www.europesays.com\/fr\/wp-json\/wp\/v2\/comments?post=131199"}],"version-history":[{"count":0,"href":"https:\/\/www.europesays.com\/fr\/wp-json\/wp\/v2\/posts\/131199\/revisions"}],"wp:featuredmedia":[{"embeddable":true,"href":"https:\/\/www.europesays.com\/fr\/wp-json\/wp\/v2\/media\/131200"}],"wp:attachment":[{"href":"https:\/\/www.europesays.com\/fr\/wp-json\/wp\/v2\/media?parent=131199"}],"wp:term":[{"taxonomy":"category","embeddable":true,"href":"https:\/\/www.europesays.com\/fr\/wp-json\/wp\/v2\/categories?post=131199"},{"taxonomy":"post_tag","embeddable":true,"href":"https:\/\/www.europesays.com\/fr\/wp-json\/wp\/v2\/tags?post=131199"}],"curies":[{"name":"wp","href":"https:\/\/api.w.org\/{rel}","templated":true}]}}