{"id":131204,"date":"2025-05-27T07:17:17","date_gmt":"2025-05-27T07:17:17","guid":{"rendered":"https:\/\/www.europesays.com\/fr\/131204\/"},"modified":"2025-05-27T07:17:17","modified_gmt":"2025-05-27T07:17:17","slug":"chevaigne-les-treteaux-de-lille-jouent-les-peintres","status":"publish","type":"post","link":"https:\/\/www.europesays.com\/fr\/131204\/","title":{"rendered":"Chevaign\u00e9. Les Tr\u00e9teaux de l\u2019Ille jouent les peintres"},"content":{"rendered":"<p>Lors de la journ\u00e9e citoyenne, la troupe de th\u00e9\u00e2tre locale, accompagn\u00e9e de b\u00e9n\u00e9voles, a donn\u00e9 un coup de peinture sur la salle des Tilleuls.<\/p>\n<p>\u00a0Une douzaine d\u2019intervenants costum\u00e9s ont raviv\u00e9 l\u2019ext\u00e9rieur du b\u00e2timent qui en avait plus que besoin, rapporte Pol Guimont, vice-pr\u00e9sident des Tr\u00e9teaux de l\u2019Ille. Des travaux plus cons\u00e9quents, d\u2019isolation notamment, sont pr\u00e9vus \u00e0 moyen terme.\u00a0La troupe pr\u00e9voit dix repr\u00e9sentations \u00e0 la fin octobre et novembre pour la cr\u00e9ation de Claude Theil. \u00a0La pi\u00e8ce Mal de maire\u00a0<strong>conduira les spectateurs dans le milieu des \u00e9lus locaux confront\u00e9s aux difficult\u00e9s quotidiennes\u00a0\u00bb.<\/strong><\/p>\n<p>\u00a0<\/p>\n","protected":false},"excerpt":{"rendered":"Lors de la journ\u00e9e citoyenne, la troupe de th\u00e9\u00e2tre locale, accompagn\u00e9e de b\u00e9n\u00e9voles, a donn\u00e9 un coup de&hellip;\n","protected":false},"author":2,"featured_media":131205,"comment_status":"","ping_status":"","sticky":false,"template":"","format":"standard","meta":{"footnotes":""},"categories":[2821],"tags":[1111,11,829,25538,1777,674,1011,27,25540,10433,12,25541,3086,584,25,25539],"class_list":{"0":"post-131204","1":"post","2":"type-post","3":"status-publish","4":"format-standard","5":"has-post-thumbnail","7":"category-rennes","8":"tag-actu","9":"tag-actualites","10":"tag-bretagne","11":"tag-chevaigne","12":"tag-eu","13":"tag-europe","14":"tag-fr","15":"tag-france","16":"tag-ille","17":"tag-jouent","18":"tag-news","19":"tag-peintres","20":"tag-redon","21":"tag-rennes","22":"tag-republique-francaise","23":"tag-treteaux"},"share_on_mastodon":{"url":"https:\/\/pubeurope.com\/@fr\/114578577390932768","error":""},"_links":{"self":[{"href":"https:\/\/www.europesays.com\/fr\/wp-json\/wp\/v2\/posts\/131204","targetHints":{"allow":["GET"]}}],"collection":[{"href":"https:\/\/www.europesays.com\/fr\/wp-json\/wp\/v2\/posts"}],"about":[{"href":"https:\/\/www.europesays.com\/fr\/wp-json\/wp\/v2\/types\/post"}],"author":[{"embeddable":true,"href":"https:\/\/www.europesays.com\/fr\/wp-json\/wp\/v2\/users\/2"}],"replies":[{"embeddable":true,"href":"https:\/\/www.europesays.com\/fr\/wp-json\/wp\/v2\/comments?post=131204"}],"version-history":[{"count":0,"href":"https:\/\/www.europesays.com\/fr\/wp-json\/wp\/v2\/posts\/131204\/revisions"}],"wp:featuredmedia":[{"embeddable":true,"href":"https:\/\/www.europesays.com\/fr\/wp-json\/wp\/v2\/media\/131205"}],"wp:attachment":[{"href":"https:\/\/www.europesays.com\/fr\/wp-json\/wp\/v2\/media?parent=131204"}],"wp:term":[{"taxonomy":"category","embeddable":true,"href":"https:\/\/www.europesays.com\/fr\/wp-json\/wp\/v2\/categories?post=131204"},{"taxonomy":"post_tag","embeddable":true,"href":"https:\/\/www.europesays.com\/fr\/wp-json\/wp\/v2\/tags?post=131204"}],"curies":[{"name":"wp","href":"https:\/\/api.w.org\/{rel}","templated":true}]}}