{"id":131206,"date":"2025-05-27T07:18:22","date_gmt":"2025-05-27T07:18:22","guid":{"rendered":"https:\/\/www.europesays.com\/fr\/131206\/"},"modified":"2025-05-27T07:18:22","modified_gmt":"2025-05-27T07:18:22","slug":"rennes-nantes-angers-lorient-brest-quels-clubs-de-louest-peuvent-trembler-face-a-la","status":"publish","type":"post","link":"https:\/\/www.europesays.com\/fr\/131206\/","title":{"rendered":"Rennes, Nantes, Angers, Lorient, Brest\u2026 Quels clubs de l\u2019Ouest peuvent trembler face \u00e0 la"},"content":{"rendered":"<p>La Direction nationale du contr\u00f4le de gestion (DNCG) va commencer, ce mardi 27 mai, \u00e0 auditionner les clubs professionnels fran\u00e7ais. Alors que Jean-Marc Mickeler, le pr\u00e9sident de l\u2019instance, <a href=\"https:\/\/rennes.maville.com\/sport\/detail_-exclusif.-pas-exclu-qu-on-ait-des-retrogradations-en-ligue-1-assure-le-patron-de-la-dncg-_54135-6821773_actu.Htm\" target=\"_self\" rel=\"noopener\">dresse un constat gla\u00e7ant<\/a> de la sant\u00e9 financi\u00e8re du football fran\u00e7ais, Ouest-France fait le point sur la situation des clubs de l\u2019Ouest.<\/p>\n<p>Lorient, 30 millions de moins\u2026<\/p>\n<p>Le FCL, de retour dans l\u2019\u00e9lite, sera loin du budget de 85 M\u20ac comme lors du dernier exercice en L1 (2023-2024). Pour 2025-2026, il esp\u00e8re en pr\u00e9senter un du m\u00eame ordre qu\u2019en L2 cette ann\u00e9e, environ 55 M\u20ac. Le club va devoir baisser sa masse salariale. Cela passe notamment par des d\u00e9parts des gros salaires de l\u2019effectif (Dieng, Makengo, Tour\u00e9). Les joueurs libres ou en pr\u00eat seront les \u00e9l\u00e9ments vis\u00e9s en priorit\u00e9. Le club sera aussi vigilant dans les n\u00e9gociations pour les renouvellements. Les actionnaires (Lo\u00efc F\u00e9ry le pr\u00e9sident et Bill Foley, actionnaire minoritaire) devront s\u00fbrement mettre la main \u00e0 la poche.<\/p>\n<p>Angers Sco contraint \u00e0 l\u2019aust\u00e9rit\u00e9<\/p>\n<p>Le club va pr\u00e9senter \u00e0 la DNCG un budget amput\u00e9 de 12 M\u20ac par rapport \u00e0 cette ann\u00e9e (25 contre 37). M\u00e9caniquement, la masse salariale va aussi baiser, passant \u00e0 8 M pour les joueurs (13 cette saison). \u00ab Il y a une situation d\u2019alerte sur tout le foot fran\u00e7ais, indique le pr\u00e9sident Sa\u00efd Chabane. On a surpay\u00e9 des joueurs, surtout des joueurs moyens. On arrive au bout des contrats-l\u00e0. On a atteint le fond, donc il faut reconstruire, et arr\u00eater de faire n\u2019importe quoi. \u00bb<\/p>\n<p><strong>LIRE AUSSI<\/strong>. <a href=\"https:\/\/rennes.maville.com\/sport\/detail_-entre-transparence-et-intransigeance-comment-se-passe-une-audition-devant-la-dncg-_54135-6823147_actu.Htm\" target=\"_self\" rel=\"noopener\">Entre transparence et intransigeance, comment se passe une audition devant la DNCG ?<\/a><\/p>\n<p>Brest hors de danger, mais\u2026<\/p>\n<p>Le Stade Brestois est plut\u00f4t serein. Gr\u00e2ce \u00e0 sa campagne de Ligue des champions, le club finist\u00e9rien a engrang\u00e9 45 millions d\u2019euros. Mais cela ne va pas changer sa dimension. Car dans le m\u00eame temps, il ne b\u00e9n\u00e9ficie plus des revenus de CVC (14 millions) et ses droits TV ont chut\u00e9 de moiti\u00e9 (7 millions contre 14). Sans droits TV pr\u00e9visionnels pour la saison \u00e0 venir, l\u2019argent de la Coupe d\u2019Europe lui permet seulement d\u2019\u00eatre \u00e0 l\u2019\u00e9quilibre pour 2025-2026. Sa capacit\u00e9 \u00e0 investir sur le march\u00e9 des transferts cet \u00e9t\u00e9 d\u00e9pendra d\u2019une vente (Camara poss\u00e8de un bon de sortie en cas d\u2019offre satisfaisante).<\/p>\n<p><strong>LIRE AUSSI.<\/strong>\u00a0<a href=\"https:\/\/rennes.maville.com\/sport\/detail_-exclusif.-pas-exclu-qu-on-ait-des-retrogradations-en-ligue-1-assure-le-patron-de-la-dncg-_54135-6821773_actu.Htm\" target=\"_self\" rel=\"noopener\">\u00ab Pas exclu qu\u2019on ait des r\u00e9trogradations en Ligue 1 \u00bb, assure le patron de la DNCG<\/a><\/p>\n<p>Nantes doit vendre<\/p>\n<p>\u00c0 Nantes, le club a d\u00e9cid\u00e9 de ne pas investir dans l\u2019achat de joueurs et d\u2019abaisser sa masse salariale, un poste qui repr\u00e9sentait encore 60 % des 80 millions d\u2019euros de budget il y a un an. Le FCN veut aussi profiter de la fin de contrat de neuf joueurs pour parvenir \u00e0 un salaire m\u00e9dian de 45 000 euros lors du prochain exercice. Il ambitionne aussi de vendre pour 40 millions cet \u00e9t\u00e9, ouvrant la porte \u00e0 ses meilleurs \u00e9l\u00e9ments (Z\u00e9z\u00e9, Abline, Simon, Douglas Augusto\u2026), avec un gros transfert esp\u00e9r\u00e9 d\u2019ici son passage devant la DNCG, fin juin. Waldemar Kita, le propri\u00e9taire, apportera les garanties n\u00e9cessaires pour assurer la transition entre deux mondes. Cette saison, l\u2019homme d\u2019affaires a d\u00e9j\u00e0 consenti un effort de 40 millions d\u2019euros.<\/p>\n<p>Rennes, se s\u00e9parer d\u2019une vingtaine de joueurs\u2026<\/p>\n<p>Le passage devant la DNCG du Stade Rennais ne devrait pas poser de probl\u00e8mes. Le club est adoss\u00e9 \u00e0 un actionnaire puissant (la famille Pinault), et m\u00eame s\u2019il a \u00e9norm\u00e9ment d\u00e9pens\u00e9 sur les deux derniers mercatos, ses ventes de joueurs liss\u00e9es depuis trois ans d\u00e9passent les 400 millions d\u2019euros. Pour autant, il va lui falloir montrer patte blanche sur la r\u00e9duction obligatoire d\u2019une masse salariale digne du top 5 de Ligue 1. Rennes, qui devra g\u00e9rer directement 38 contrats pros cet \u00e9t\u00e9, <a href=\"https:\/\/rennes.maville.com\/sport\/detail_-stade-rennais.-35-contrats-ce-n-est-plus-possible-les-mots-d-arnaud-pouille-a-pleine-lucarne-_7-6825445_actu.Htm\" target=\"_self\" rel=\"noopener\">pr\u00e9voit de ramener son effectif \u00e0 25 \u00e9l\u00e9ments<\/a>. Et comme il veut aussi se renforcer sportivement, il va lui falloir se d\u00e9lester d\u2019une vingtaine de joueurs. Sacr\u00e9 chantier en perspective pour le nouveau directeur sportif Lo\u00efc D\u00e9sir\u00e9.<\/p>\n<p>\u00a0<\/p>\n","protected":false},"excerpt":{"rendered":"La Direction nationale du contr\u00f4le de gestion (DNCG) va commencer, ce mardi 27 mai, \u00e0 auditionner les clubs&hellip;\n","protected":false},"author":2,"featured_media":131207,"comment_status":"","ping_status":"","sticky":false,"template":"","format":"standard","meta":{"footnotes":""},"categories":[2821],"tags":[1111,11,3809,1465,3450,829,1777,674,63,1011,27,1792,1922,12,584,25,479,517,1470],"class_list":{"0":"post-131206","1":"post","2":"type-post","3":"status-publish","4":"format-standard","5":"has-post-thumbnail","7":"category-rennes","8":"tag-actu","9":"tag-actualites","10":"tag-ball","11":"tag-basket","12":"tag-brest","13":"tag-bretagne","14":"tag-eu","15":"tag-europe","16":"tag-football","17":"tag-fr","18":"tag-france","19":"tag-handball","20":"tag-info","21":"tag-news","22":"tag-rennes","23":"tag-republique-francaise","24":"tag-rugby","25":"tag-sport","26":"tag-volley"},"share_on_mastodon":{"url":"https:\/\/pubeurope.com\/@fr\/114578581304705402","error":""},"_links":{"self":[{"href":"https:\/\/www.europesays.com\/fr\/wp-json\/wp\/v2\/posts\/131206","targetHints":{"allow":["GET"]}}],"collection":[{"href":"https:\/\/www.europesays.com\/fr\/wp-json\/wp\/v2\/posts"}],"about":[{"href":"https:\/\/www.europesays.com\/fr\/wp-json\/wp\/v2\/types\/post"}],"author":[{"embeddable":true,"href":"https:\/\/www.europesays.com\/fr\/wp-json\/wp\/v2\/users\/2"}],"replies":[{"embeddable":true,"href":"https:\/\/www.europesays.com\/fr\/wp-json\/wp\/v2\/comments?post=131206"}],"version-history":[{"count":0,"href":"https:\/\/www.europesays.com\/fr\/wp-json\/wp\/v2\/posts\/131206\/revisions"}],"wp:featuredmedia":[{"embeddable":true,"href":"https:\/\/www.europesays.com\/fr\/wp-json\/wp\/v2\/media\/131207"}],"wp:attachment":[{"href":"https:\/\/www.europesays.com\/fr\/wp-json\/wp\/v2\/media?parent=131206"}],"wp:term":[{"taxonomy":"category","embeddable":true,"href":"https:\/\/www.europesays.com\/fr\/wp-json\/wp\/v2\/categories?post=131206"},{"taxonomy":"post_tag","embeddable":true,"href":"https:\/\/www.europesays.com\/fr\/wp-json\/wp\/v2\/tags?post=131206"}],"curies":[{"name":"wp","href":"https:\/\/api.w.org\/{rel}","templated":true}]}}