{"id":131209,"date":"2025-05-27T07:20:22","date_gmt":"2025-05-27T07:20:22","guid":{"rendered":"https:\/\/www.europesays.com\/fr\/131209\/"},"modified":"2025-05-27T07:20:22","modified_gmt":"2025-05-27T07:20:22","slug":"reamenagee-pour-900-000-euros-cette-rue-est-plus-dangereuse-quavant","status":"publish","type":"post","link":"https:\/\/www.europesays.com\/fr\/131209\/","title":{"rendered":"R\u00e9am\u00e9nag\u00e9e pour 900.000 euros, cette rue est \u00ab plus dangereuse qu\u2019avant \u00bb"},"content":{"rendered":"<p><strong>Couac &#8211; A peine inaugur\u00e9, le r\u00e9am\u00e9nagement de la rue M\u00e9lanie, \u00e0 Strasbourg, ne convainc pas avec sa piste cyclable \u00e0 double sens et sa voie unique altern\u00e9e pour les voitures. Malgr\u00e9 le co\u00fbt initial des travaux, de nouveaux sont annonc\u00e9s<\/strong><\/p>\n<p>\u00ab Chauss\u00e9e r\u00e9tr\u00e9cie, circulation altern\u00e9e. \u00bb De chaque c\u00f4t\u00e9 de ce tron\u00e7on de la rue M\u00e9lanie, dans le quartier de la Robertsau \u00e0 <a href=\"https:\/\/www.20minutes.fr\/strasbourg\/?at_medium=RSS%20feed&amp;at_campaign=ynews&amp;utm_source=yahoo&amp;utm_medium=rss&amp;utm_campaign=news_feed&amp;utm_content=in_article_link\" rel=\"nofollow noopener\" target=\"_blank\" data-ylk=\"slk:Strasbourg;elm:context_link;itc:0;sec:content-canvas\" class=\"link \">Strasbourg<\/a>, un panneau a \u00e9t\u00e9 install\u00e9. Son but ? Expliquer aux automobilistes le nouveau fonctionnement de ces quelque 300 m\u00e8tres tout juste r\u00e9am\u00e9nag\u00e9s.<\/p>\n<p>Car pour les cyclistes, aucun souci ! Depuis les travaux, ils b\u00e9n\u00e9ficient d\u2019une piste \u00e0 double sens. Plus large que la voie unique r\u00e9serv\u00e9e aux voitures qui doivent donc, elles, se la partager. Avec un principe : celles qui p\u00e9n\u00e8trent dans l\u2019impasse ont la priorit\u00e9\u2026 sauf si un autre v\u00e9hicule qui en sort est d\u00e9j\u00e0 engag\u00e9. Alors leur croisement se fait au niveau des quelques \u00ab encoches \u00bb pr\u00e9vues \u00e0 cet effet.<\/p>\n<p>Voil\u00e0 justement un cas concret ce lundi avec une camionnette blanche qui se d\u00e9porte sur le c\u00f4t\u00e9, laisse passer un <a href=\"https:\/\/www.20minutes.fr\/dossier\/suv?at_medium=RSS%20feed&amp;at_campaign=ynews&amp;utm_source=yahoo&amp;utm_medium=rss&amp;utm_campaign=news_feed&amp;utm_content=in_article_link\" rel=\"nofollow noopener\" target=\"_blank\" data-ylk=\"slk:SUV;elm:context_link;itc:0;sec:content-canvas\" class=\"link \">SUV<\/a>, avant de reprendre sa route. \u00ab L\u00e0 \u00e7a va, il n\u2019y a pas grand monde. Mais il faut voir quand il y a du trafic. C\u2019est n\u2019importe quoi ! \u00bb, r\u00e9agit une riveraine, exc\u00e9d\u00e9e par le nouvel am\u00e9nagement. Elle est loin d\u2019\u00eatre la seule : un collectif s\u2019est m\u00eame mont\u00e9 avec ses voisins depuis plus de deux ans. Depuis que le projet a \u00e9t\u00e9 \u00e9voqu\u00e9 par la mairie \u00e9cologiste.<\/p>\n<p>\u00ab Chaos total \u00bb pour l\u2019opposition LR<\/p>\n<p>Des \u00e9changes ont bien eu lieu entre les deux parties\u2026 sans grand r\u00e9sultat. La preuve, de nombreux messages hostiles \u00e0 l\u2019am\u00e9nagement ont \u00e9t\u00e9 placard\u00e9s un peu partout sur le tron\u00e7on. Pas vraiment tendre avec le r\u00e9sultat. \u00ab 850.000 euros hors taxes pour la piste cyclable de 300 m\u00e8tres. Echec de la mun(&#8230;)<\/p>\n<p><a href=\"https:\/\/www.20minutes.fr\/societe\/4155499-20250527-reamenagee-900-000-euros-rue-plus-dangereuse-avant?at_medium=RSS%20feed&amp;at_campaign=ynews&amp;utm_source=yahoo&amp;utm_medium=rss&amp;utm_campaign=news_feed&amp;utm_content=read_more_link\" rel=\"nofollow noopener\" target=\"_blank\" data-ylk=\"slk:Lire la suite sur 20minutes;elm:context_link;itc:0;sec:content-canvas\" class=\"link \">Lire la suite sur 20minutes<\/a><\/p>\n<p>\u00c0 lire aussi :<br \/><a href=\"https:\/\/www.20minutes.fr\/sante\/4154711-20250521-strasbourg-cochons-cadavre-preferes-patients-hopitaux?at_medium=RSS%20feed&amp;at_campaign=ynews&amp;utm_source=yahoo&amp;utm_medium=rss&amp;utm_campaign=news_feed&amp;utm_content=related_content_link\" rel=\"nofollow noopener\" target=\"_blank\" data-ylk=\"slk:Strasbourg : Des cochons et un cadavre pr\u00e9f\u00e9r\u00e9s \u00e0 des patients des h\u00f4pitaux ?;elm:context_link;itc:0;sec:content-canvas\" class=\"link \">Strasbourg : Des cochons et un cadavre pr\u00e9f\u00e9r\u00e9s \u00e0 des patients des h\u00f4pitaux ?<\/a><br \/><a href=\"https:\/\/www.20minutes.fr\/justice\/4154407-20250520-attentat-strasbourg-apres-14-mois-prison-ex-accuse-acquitte-recoit-35-000-euros-loin-reclamait?at_medium=RSS%20feed&amp;at_campaign=ynews&amp;utm_source=yahoo&amp;utm_medium=rss&amp;utm_campaign=news_feed&amp;utm_content=related_content_link\" rel=\"nofollow noopener\" target=\"_blank\" data-ylk=\"slk:Attentat de Strasbourg : Apr\u00e8s 14 mois de prison, un ex-accus\u00e9 acquitt\u00e9 re\u00e7oit 35.000 euros, loin de ce qu&#039;il r\u00e9clamait;elm:context_link;itc:0;sec:content-canvas\" class=\"link \">Attentat de Strasbourg : Apr\u00e8s 14 mois de prison, un ex-accus\u00e9 acquitt\u00e9 re\u00e7oit 35.000 euros, loin de ce qu&rsquo;il r\u00e9clamait<\/a><\/p>\n","protected":false},"excerpt":{"rendered":"Couac &#8211; A peine inaugur\u00e9, le r\u00e9am\u00e9nagement de la rue M\u00e9lanie, \u00e0 Strasbourg, ne convainc pas avec sa&hellip;\n","protected":false},"author":2,"featured_media":131210,"comment_status":"","ping_status":"","sticky":false,"template":"","format":"standard","meta":{"footnotes":""},"categories":[2820],"tags":[1111,11,25542,1777,674,1011,27,775,25543,12066,12,2895,25,640],"class_list":{"0":"post-131209","1":"post","2":"type-post","3":"status-publish","4":"format-standard","5":"has-post-thumbnail","7":"category-strasbourg","8":"tag-actu","9":"tag-actualites","10":"tag-double-sens","11":"tag-eu","12":"tag-europe","13":"tag-fr","14":"tag-france","15":"tag-grand-est","16":"tag-la-robertsau","17":"tag-melanie","18":"tag-news","19":"tag-piste-cyclable","20":"tag-republique-francaise","21":"tag-strasbourg"},"share_on_mastodon":{"url":"https:\/\/pubeurope.com\/@fr\/114578589200737961","error":""},"_links":{"self":[{"href":"https:\/\/www.europesays.com\/fr\/wp-json\/wp\/v2\/posts\/131209","targetHints":{"allow":["GET"]}}],"collection":[{"href":"https:\/\/www.europesays.com\/fr\/wp-json\/wp\/v2\/posts"}],"about":[{"href":"https:\/\/www.europesays.com\/fr\/wp-json\/wp\/v2\/types\/post"}],"author":[{"embeddable":true,"href":"https:\/\/www.europesays.com\/fr\/wp-json\/wp\/v2\/users\/2"}],"replies":[{"embeddable":true,"href":"https:\/\/www.europesays.com\/fr\/wp-json\/wp\/v2\/comments?post=131209"}],"version-history":[{"count":0,"href":"https:\/\/www.europesays.com\/fr\/wp-json\/wp\/v2\/posts\/131209\/revisions"}],"wp:featuredmedia":[{"embeddable":true,"href":"https:\/\/www.europesays.com\/fr\/wp-json\/wp\/v2\/media\/131210"}],"wp:attachment":[{"href":"https:\/\/www.europesays.com\/fr\/wp-json\/wp\/v2\/media?parent=131209"}],"wp:term":[{"taxonomy":"category","embeddable":true,"href":"https:\/\/www.europesays.com\/fr\/wp-json\/wp\/v2\/categories?post=131209"},{"taxonomy":"post_tag","embeddable":true,"href":"https:\/\/www.europesays.com\/fr\/wp-json\/wp\/v2\/tags?post=131209"}],"curies":[{"name":"wp","href":"https:\/\/api.w.org\/{rel}","templated":true}]}}