{"id":131211,"date":"2025-05-27T07:21:10","date_gmt":"2025-05-27T07:21:10","guid":{"rendered":"https:\/\/www.europesays.com\/fr\/131211\/"},"modified":"2025-05-27T07:21:10","modified_gmt":"2025-05-27T07:21:10","slug":"la-liste-des-sites-dimportance-vitale-elargie-et-leur-protection-renforcee-annonce-le-prefet-des-alpes-maritimes-pour-le-sommet-de-locean","status":"publish","type":"post","link":"https:\/\/www.europesays.com\/fr\/131211\/","title":{"rendered":"\u00ab\u00a0La liste des sites d\u2019importance vitale \u00e9largie\u00a0\u00bb et \u00ab\u00a0leur protection renforc\u00e9e\u00a0\u00bb annonce le pr\u00e9fet des Alpes-Maritimes pour le sommet de l&rsquo;Oc\u00e9an"},"content":{"rendered":"<p>Le nouveau pr\u00e9fet des Alpes-Maritimes n\u2019entend pas communiquer sur les enqu\u00eates judiciaires visant \u00e0 identifier les auteurs des actes de <a href=\"https:\/\/www.nicematin.com\/faits-divers\/helicoptere-vingt-ingenieurs-de-gros-moyens-mobilises-a-villeneuve-loubet-pour-eviter-que-le-pylone-ne-s-effondre-a-la-suite-de-la-vague-de-sabotage-du-reseau-electrique-987491\" rel=\"nofollow noopener\" target=\"_blank\">sabotage perp\u00e9tr\u00e9s au cours du week-end sur le r\u00e9seau \u00e9lectrique<\/a>. En revanche, Laurent Hottiaux assure que cette nouvelle menace a bien \u00e9t\u00e9 prise en compte. Notamment pour la Conf\u00e9rence des Nations unies sur l\u2019oc\u00e9an (Unoc) pr\u00e9vue \u00e0 Nice du 9 au 13 juin.<\/p>\n<p>\u00ab\u00a0Gardes statiques ou tr\u00e8s rapproch\u00e9es\u00a0\u00bb<\/p>\n<p>\u00ab\u00a0Enedis et RTE ont imm\u00e9diatement renforc\u00e9 la s\u00e9curit\u00e9 passive d\u2019une trentaine d\u2019infrastructures dans le d\u00e9partement. Des agents de s\u00e9curit\u00e9 ont \u00e9t\u00e9 d\u00e9ploy\u00e9s sur les plus sensibles\u00a0\u00bb, rapporte le repr\u00e9sentant de l\u2019\u00c9tat qui pr\u00e9cise que gendarmes et policiers sont aussi mobilis\u00e9s. \u00ab\u00a0Des gardes statiques ou dynamiques, mais tr\u00e8s rapproch\u00e9es, ont commenc\u00e9 sur les points que nous consid\u00e9rons d\u2019importance vitale.\u00a0\u00bb Des maillons essentiels du r\u00e9seau \u00e9lectrique, mais aussi \u00ab\u00a0d\u2019autres points d\u2019approvisionnement \u00e9nerg\u00e9tiques\u00a0\u00bb, tout comme \u00ab\u00a0certaines entreprises\u00a0\u00bb.<\/p>\n<p>\u00ab\u00a0Nous ne les d\u00e9couvrons pas, poursuit Laurent Hottiaux. Ces points d\u2019importance vitale avaient \u00e9t\u00e9 identifi\u00e9s avant les \u00e9v\u00e9nements de ce week-end. Ils l\u2019avaient \u00e9t\u00e9 dans le cadre de la pr\u00e9paration de l\u2019Unoc. Mais ce qui vient de se passer nous a amen\u00e9s \u00e0 \u00e9largir la liste de ces points d\u2019importance vitale et \u00e0 accro\u00eetre notre niveau de vigilance.\u00a0\u00bb<\/p>\n<p>\u00ab\u00a0Pas de menace sp\u00e9cifique\u00a0\u00bb sur l\u2019Unoc<\/p>\n<p>\u00ab\u00a0Tout a \u00e9t\u00e9 repass\u00e9 au peigne fin\u00a0\u00bb, assure le pr\u00e9fet qui laisse entendre que des mesures \u00e9taient pr\u00e9vues, comme \u00ab\u00a0l\u2019\u00e9quipement de certains sites sensibles de groupes \u00e9lectrog\u00e8nes\u00a0\u00bb. Les deux principaux risques identifi\u00e9s \u00e0 l\u2019occasion de ce rendez-vous international sont \u00ab\u00a0la menace terroriste permanente \u00e0 laquelle doit faire face la France et celle que repr\u00e9sentent des mouvements contestataires qui voudraient perturber l\u2019Unoc.\u00a0\u00bb<\/p>\n<p>\u00c0 l\u2019image de ces deux groupes anarchistes qui semblent avoir voulu perturber la fin du Festival de Cannes. Si leurs actions ont \u00ab\u00a0mis en danger la population, notamment les personnes les plus vuln\u00e9rables, s\u2019indigne le repr\u00e9sentant de l\u2019Etat, \u00e0 aucun moment elles n\u2019ont eu de cons\u00e9quence sur le Festival ni sur les entreprises de s\u00e9curit\u00e9 ou de d\u00e9fense de la r\u00e9gion.\u00a0\u00bb<\/p>\n","protected":false},"excerpt":{"rendered":"Le nouveau pr\u00e9fet des Alpes-Maritimes n\u2019entend pas communiquer sur les enqu\u00eates judiciaires visant \u00e0 identifier les auteurs des&hellip;\n","protected":false},"author":2,"featured_media":131212,"comment_status":"","ping_status":"","sticky":false,"template":"","format":"standard","meta":{"footnotes":""},"categories":[2819],"tags":[1111,11,1777,674,1011,27,12,2401,882,25,656],"class_list":{"0":"post-131211","1":"post","2":"type-post","3":"status-publish","4":"format-standard","5":"has-post-thumbnail","7":"category-nice","8":"tag-actu","9":"tag-actualites","10":"tag-eu","11":"tag-europe","12":"tag-fr","13":"tag-france","14":"tag-news","15":"tag-nice","16":"tag-provence-alpes-cote-dazur","17":"tag-republique-francaise","18":"tag-securite"},"share_on_mastodon":{"url":"https:\/\/pubeurope.com\/@fr\/114578593135072707","error":""},"_links":{"self":[{"href":"https:\/\/www.europesays.com\/fr\/wp-json\/wp\/v2\/posts\/131211","targetHints":{"allow":["GET"]}}],"collection":[{"href":"https:\/\/www.europesays.com\/fr\/wp-json\/wp\/v2\/posts"}],"about":[{"href":"https:\/\/www.europesays.com\/fr\/wp-json\/wp\/v2\/types\/post"}],"author":[{"embeddable":true,"href":"https:\/\/www.europesays.com\/fr\/wp-json\/wp\/v2\/users\/2"}],"replies":[{"embeddable":true,"href":"https:\/\/www.europesays.com\/fr\/wp-json\/wp\/v2\/comments?post=131211"}],"version-history":[{"count":0,"href":"https:\/\/www.europesays.com\/fr\/wp-json\/wp\/v2\/posts\/131211\/revisions"}],"wp:featuredmedia":[{"embeddable":true,"href":"https:\/\/www.europesays.com\/fr\/wp-json\/wp\/v2\/media\/131212"}],"wp:attachment":[{"href":"https:\/\/www.europesays.com\/fr\/wp-json\/wp\/v2\/media?parent=131211"}],"wp:term":[{"taxonomy":"category","embeddable":true,"href":"https:\/\/www.europesays.com\/fr\/wp-json\/wp\/v2\/categories?post=131211"},{"taxonomy":"post_tag","embeddable":true,"href":"https:\/\/www.europesays.com\/fr\/wp-json\/wp\/v2\/tags?post=131211"}],"curies":[{"name":"wp","href":"https:\/\/api.w.org\/{rel}","templated":true}]}}