{"id":131213,"date":"2025-05-27T07:22:09","date_gmt":"2025-05-27T07:22:09","guid":{"rendered":"https:\/\/www.europesays.com\/fr\/131213\/"},"modified":"2025-05-27T07:22:09","modified_gmt":"2025-05-27T07:22:09","slug":"le-chu-de-nice-autonome-en-electricite-durant-plusieurs-jours-meme-en-cas-de-coupure-generale","status":"publish","type":"post","link":"https:\/\/www.europesays.com\/fr\/131213\/","title":{"rendered":"Le CHU de Nice autonome en \u00e9lectricit\u00e9 durant plusieurs jours m\u00eame en cas de coupure g\u00e9n\u00e9rale"},"content":{"rendered":"<p>En voulant plonger dans le noir le Festival de Cannes, <a href=\"https:\/\/www.nicematin.com\/faits-divers\/helicoptere-vingt-ingenieurs-de-gros-moyens-mobilises-a-villeneuve-loubet-pour-eviter-que-le-pylone-ne-s-effondre-a-la-suite-de-la-vague-de-sabotage-du-reseau-electrique-987491\" rel=\"nofollow noopener\" target=\"_blank\">les activistes<\/a> qui ont s\u00e9vi ce week-end ont pris le risque de causer des dommages collat\u00e9raux.<\/p>\n<p>Outre des patients hospitalis\u00e9s \u00e0 domicile, leur black-out aurait pu toucher des centres de soins. Une menace que le centre hospitalier universitaire (CHU) a int\u00e9gr\u00e9e sans attendre qu\u2019elle se caract\u00e9rise.<\/p>\n<p>Interrog\u00e9 sur son \u00e9ventuelle vuln\u00e9rabilit\u00e9 \u00e9nerg\u00e9tique le CHU de Nice, rappelle qu\u2019il a \u00ab\u00a0pour priorit\u00e9 d\u2019assurer la continuit\u00e9 des soins et la s\u00e9curit\u00e9 de ses patients. Pour cela, il dispose d\u2019un syst\u00e8me de s\u00e9curisation \u00e9lectrique fiable, con\u00e7u pour garantir l\u2019alimentation \u00e9lectrique en cas de panne, y compris lors d\u2019incidents externes comme celui survenu ce week-end.\u00a0\u00bb<\/p>\n<p>Prioritaire en cas de d\u00e9lestage<\/p>\n<p>Ce dispositif, \u00ab\u00a0homog\u00e8ne sur tous les sites\u00a0\u00bb, permet \u00e0 des groupes \u00e9lectrog\u00e8nes de \u00ab\u00a0prendre imm\u00e9diatement le relais sans interruption ni coupure\u00a0\u00bb. Ces moyens peuvent garantir \u00ab\u00a0le fonctionnement continu des infrastructures de nos h\u00f4pitaux pendant plusieurs jours, m\u00eame en cas de coupure prolong\u00e9e\u00a0\u00bb, assure la direction du CHU qui ajoute que \u00ab\u00a0les h\u00f4pitaux de Pasteur, Cimiez et l\u2019Archet sont class\u00e9s prioritaires de niveau 1 aupr\u00e8s de la pr\u00e9fecture, ce qui permet une intervention rapide en cas de d\u00e9lestage.\u00a0\u00bb<\/p>\n<p>Ainsi mis \u00e0 l\u2019abri des coupures de courant, le CHU travaille \u00ab\u00a0en \u00e9troite collaboration\u00a0\u00bb avec les autres \u00e9tablissements de sant\u00e9 du territoire \u00ab\u00a0afin d\u2019assurer une coordination efficace et la continuit\u00e9 des soins pour l\u2019ensemble de la population.\u00a0\u00bb<\/p>\n","protected":false},"excerpt":{"rendered":"En voulant plonger dans le noir le Festival de Cannes, les activistes qui ont s\u00e9vi ce week-end ont&hellip;\n","protected":false},"author":2,"featured_media":131214,"comment_status":"","ping_status":"","sticky":false,"template":"","format":"standard","meta":{"footnotes":""},"categories":[2819],"tags":[1111,11,1777,674,1011,27,12,2401,882,25,656],"class_list":{"0":"post-131213","1":"post","2":"type-post","3":"status-publish","4":"format-standard","5":"has-post-thumbnail","7":"category-nice","8":"tag-actu","9":"tag-actualites","10":"tag-eu","11":"tag-europe","12":"tag-fr","13":"tag-france","14":"tag-news","15":"tag-nice","16":"tag-provence-alpes-cote-dazur","17":"tag-republique-francaise","18":"tag-securite"},"share_on_mastodon":{"url":"https:\/\/pubeurope.com\/@fr\/114578597135878225","error":""},"_links":{"self":[{"href":"https:\/\/www.europesays.com\/fr\/wp-json\/wp\/v2\/posts\/131213","targetHints":{"allow":["GET"]}}],"collection":[{"href":"https:\/\/www.europesays.com\/fr\/wp-json\/wp\/v2\/posts"}],"about":[{"href":"https:\/\/www.europesays.com\/fr\/wp-json\/wp\/v2\/types\/post"}],"author":[{"embeddable":true,"href":"https:\/\/www.europesays.com\/fr\/wp-json\/wp\/v2\/users\/2"}],"replies":[{"embeddable":true,"href":"https:\/\/www.europesays.com\/fr\/wp-json\/wp\/v2\/comments?post=131213"}],"version-history":[{"count":0,"href":"https:\/\/www.europesays.com\/fr\/wp-json\/wp\/v2\/posts\/131213\/revisions"}],"wp:featuredmedia":[{"embeddable":true,"href":"https:\/\/www.europesays.com\/fr\/wp-json\/wp\/v2\/media\/131214"}],"wp:attachment":[{"href":"https:\/\/www.europesays.com\/fr\/wp-json\/wp\/v2\/media?parent=131213"}],"wp:term":[{"taxonomy":"category","embeddable":true,"href":"https:\/\/www.europesays.com\/fr\/wp-json\/wp\/v2\/categories?post=131213"},{"taxonomy":"post_tag","embeddable":true,"href":"https:\/\/www.europesays.com\/fr\/wp-json\/wp\/v2\/tags?post=131213"}],"curies":[{"name":"wp","href":"https:\/\/api.w.org\/{rel}","templated":true}]}}