{"id":131215,"date":"2025-05-27T07:23:18","date_gmt":"2025-05-27T07:23:18","guid":{"rendered":"https:\/\/www.europesays.com\/fr\/131215\/"},"modified":"2025-05-27T07:23:18","modified_gmt":"2025-05-27T07:23:18","slug":"des-remous-chez-les-defenseurs-de-la-cause-bretonne-en-loire-atlantique","status":"publish","type":"post","link":"https:\/\/www.europesays.com\/fr\/131215\/","title":{"rendered":"Des remous chez les d\u00e9fenseurs de la cause bretonne en Loire-Atlantique"},"content":{"rendered":"<p>Avis de gros temps en ce moment dans les instances de l\u2019Agence culturelle bretonne (ACB) de Loire-Atlantique. Elle f\u00e9d\u00e8re les associations (70, plus une petite centaine de particuliers) qui d\u00e9fendent l\u2019identit\u00e9 et la culture bretonne, celles aussi qui r\u00e9clament <a href=\"https:\/\/nantes.maville.com\/actu\/actudet_-bretagne-reunie-veut-faire-entendre-les-105-000-voix-de-sa-petition-_8-6759459_actu.Htm\" target=\"_self\" rel=\"noopener\">une r\u00e9unification de la Bretagne, autrement dit avec ce d\u00e9partement \u00ab\u00a0perdu\u00a0\u00bb qu\u2019est la Loire-Atlantique, lequel d\u00e9pend administrativement des Pays de la Loire.<\/a> Une s\u00e9rieuse force de frappe pour se faire entendre, des collectivit\u00e9s notamment.<\/p>\n<p>Mais l\u2019ACB est en proie \u00e0 des difficult\u00e9s depuis quelque temps, financi\u00e8res (il lui manque 10\u00a0000\u00a0\u20ac pour finir l\u2019ann\u00e9e), mais aussi existentielles et de gouvernance.\u00a0Lors de l\u2019assembl\u00e9e g\u00e9n\u00e9rale, samedi 24\u00a0mai, plusieurs associations ont d\u2019ailleurs fait le choix de ne plus si\u00e9ger au conseil d\u2019administration.<\/p>\n<p>Sur le plan existentiel, c\u2019est surtout la r\u00e9surgence de militants d\u2019extr\u00eame droite, sous la banni\u00e8re du Parti national breton (PNB), qui irrite, voire inqui\u00e8te, les d\u00e9fenseurs de l\u2019identit\u00e9 bretonne, de son histoire, de sa culture, de sa langue.<\/p>\n<p><a href=\"https:\/\/nantes.maville.com\/actu\/actudet_-l-extreme-droite-s-est-imposee-dans-la-manifestation-pour-la-bretagne-reunie-_8-6507901_actu.Htm\" target=\"_self\" rel=\"noopener\">Le\u00a012\u00a0octobre 2024, lors d\u2019une manifestation pour la r\u00e9unification de la Bretagne, une \u00e9chauffour\u00e9e avait oppos\u00e9 plusieurs adh\u00e9rents du PNB \u00e0 Florian Le Teuff, \u00e9lu nantais en charge des questions bretonnes.<\/a>\u00a0Bless\u00e9 \u2013 comme d\u2019ailleurs un militant de Bretagne r\u00e9unie, l\u2019association organisatrice de la manifestation \u2013, il avait d\u00e9pos\u00e9 plainte.<\/p>\n<p>\u00ab\u00a0Mont\u00e9e de l\u2019extr\u00eame droite\u00a0\u00bb<\/p>\n<p>La r\u00e9action de l\u2019ACB a-t-elle \u00e9t\u00e9 trop timor\u00e9e\u00a0? La pr\u00e9sidente, Sylvie Boisnard, a condamn\u00e9, comme elle le fait encore aujourd\u2019hui, <strong>\u00ab\u00a0toute forme de violence, d\u2019o\u00f9 qu\u2019elle vienne,<\/strong> <strong>m\u00eame si certains doivent estimer que nous n\u2019avons pas eu la r\u00e9action appropri\u00e9e\u00a0\u00bb. <\/strong>En\u00a0g\u00e9n\u00e9ralisant, oublie-t-elle de pointer les vraies responsabilit\u00e9s, celles du PNB en particulier\u00a0?<\/p>\n<p>Dans les rangs de la cause bretonne, la r\u00e9surgence de cette frange extr\u00e9miste questionne, son pass\u00e9 trouble avec l\u2019Allemagne nazie n\u2019\u00e9tant un myst\u00e8re pour personne.<\/p>\n<p>S\u2019agit-il d\u2019un retour marginal de ces militants extr\u00e9mistes ou d\u2019un ph\u00e9nom\u00e8ne de plus grande ampleur, prosp\u00e9rant sur un populisme qui gagne du terrain\u00a0? <strong>\u00ab\u00a0La Bretagne et l\u2019ouest n\u2019\u00e9chappent pas \u00e0 la mont\u00e9e de l\u2019extr\u00eame droite,<\/strong> observe Aur\u00e9lien Boul\u00e9-Fournier, \u00e9lu nantais de l\u2019Union d\u00e9mocratique bretonne (UDB), <strong>m\u00eame si \u00e7a reste tr\u00e8s minoritaire dans le mouvement de d\u00e9fense de la cause bretonne, lequel est plut\u00f4t ancr\u00e9 \u00e0 gauche.\u00a0\u00bb<\/strong><\/p>\n<p><strong>\u00ab\u00a0C\u2019est un mouvement de fond, qui touche l\u2019ensemble de la soci\u00e9t\u00e9, des p\u00eacheurs, des agriculteurs, ou des territoires int\u00e9rieurs qui n\u2019\u00e9taient pas touch\u00e9s\u00a0\u00bb, <\/strong>ajoute une \u00e9lue.<\/p>\n<p>Autre question pos\u00e9e aujourd\u2019hui par certains adh\u00e9rents de l\u2019ACB, celle de sa gouvernance. Candidate \u00e0 sa r\u00e9\u00e9lection, jeudi 5\u00a0juin, Sylvie Boisnard r\u00e9affirme la ligne <strong>\u00ab\u00a0apolitique\u00a0\u00bb<\/strong> de l\u2019Agence. Une volont\u00e9 qui figure m\u00eame d\u00e9sormais <strong>\u00ab\u00a0en toutes lettres\u00a0\u00bb<\/strong> dans les statuts de l\u2019Agence, <strong>\u00ab\u00a0ce qui n\u2019\u00e9tait pas le cas auparavant\u00a0\u00bb.<\/strong>\u00a0Suffisant pour mettre la culture bretonne \u00e0 l\u2019abri des influences politiques\u00a0?<\/p>\n<p>\u00a0<\/p>\n","protected":false},"excerpt":{"rendered":"Avis de gros temps en ce moment dans les instances de l\u2019Agence culturelle bretonne (ACB) de Loire-Atlantique. Elle&hellip;\n","protected":false},"author":2,"featured_media":131216,"comment_status":"","ping_status":"","sticky":false,"template":"","format":"standard","meta":{"footnotes":""},"categories":[2818],"tags":[1111,11,12103,3738,25545,1777,674,1011,27,3047,766,12,2636,25544,25],"class_list":{"0":"post-131215","1":"post","2":"type-post","3":"status-publish","4":"format-standard","5":"has-post-thumbnail","7":"category-nantes","8":"tag-actu","9":"tag-actualites","10":"tag-bretonne","11":"tag-cause","12":"tag-defenseurs","13":"tag-eu","14":"tag-europe","15":"tag-fr","16":"tag-france","17":"tag-loire-atlantique","18":"tag-nantes","19":"tag-news","20":"tag-pays-de-la-loire","21":"tag-remous","22":"tag-republique-francaise"},"share_on_mastodon":{"url":"https:\/\/pubeurope.com\/@fr\/114578601008540892","error":""},"_links":{"self":[{"href":"https:\/\/www.europesays.com\/fr\/wp-json\/wp\/v2\/posts\/131215","targetHints":{"allow":["GET"]}}],"collection":[{"href":"https:\/\/www.europesays.com\/fr\/wp-json\/wp\/v2\/posts"}],"about":[{"href":"https:\/\/www.europesays.com\/fr\/wp-json\/wp\/v2\/types\/post"}],"author":[{"embeddable":true,"href":"https:\/\/www.europesays.com\/fr\/wp-json\/wp\/v2\/users\/2"}],"replies":[{"embeddable":true,"href":"https:\/\/www.europesays.com\/fr\/wp-json\/wp\/v2\/comments?post=131215"}],"version-history":[{"count":0,"href":"https:\/\/www.europesays.com\/fr\/wp-json\/wp\/v2\/posts\/131215\/revisions"}],"wp:featuredmedia":[{"embeddable":true,"href":"https:\/\/www.europesays.com\/fr\/wp-json\/wp\/v2\/media\/131216"}],"wp:attachment":[{"href":"https:\/\/www.europesays.com\/fr\/wp-json\/wp\/v2\/media?parent=131215"}],"wp:term":[{"taxonomy":"category","embeddable":true,"href":"https:\/\/www.europesays.com\/fr\/wp-json\/wp\/v2\/categories?post=131215"},{"taxonomy":"post_tag","embeddable":true,"href":"https:\/\/www.europesays.com\/fr\/wp-json\/wp\/v2\/tags?post=131215"}],"curies":[{"name":"wp","href":"https:\/\/api.w.org\/{rel}","templated":true}]}}