{"id":131227,"date":"2025-05-27T07:29:11","date_gmt":"2025-05-27T07:29:11","guid":{"rendered":"https:\/\/www.europesays.com\/fr\/131227\/"},"modified":"2025-05-27T07:29:11","modified_gmt":"2025-05-27T07:29:11","slug":"infographie-art-urbain-cest-dla-bombe-roubaix","status":"publish","type":"post","link":"https:\/\/www.europesays.com\/fr\/131227\/","title":{"rendered":"[Infographie] Art Urbain : \u00ab C\u2019est d\u2019la bombe \u00bb Roubaix"},"content":{"rendered":"<p>\u00ab La Justice \u00bb est l\u2019un des plus anciens graffs de la m\u00e9tropole lilloise, trac\u00e9 \u00e0 Roubaix par Mode2 il y a presque 30 ans, en 1997. Il est \u00e0 voir derri\u00e8re La Piscine, tout pr\u00e8s du terrain de basket graff\u00e9 par le collectif 156 All Starz, co-cr\u00e9\u00e9 par JonOne \u00e0 New York dans les ann\u00e9es 1980.<\/p>\n<p><a href=\"https:\/\/www.roubaixxl.fr\/wp-content\/uploads\/2025\/05\/xu-74.jpg\" rel=\"nofollow noopener\" target=\"_blank\"><img loading=\"lazy\" decoding=\"async\" class=\"size-medium wp-image-36567\" src=\"https:\/\/www.europesays.com\/fr\/wp-content\/uploads\/2025\/05\/xu-74-300x199.jpg\" alt=\"\" width=\"300\" height=\"199\"  \/><\/a><\/p>\n<p><a href=\"https:\/\/jonone.com\/\" target=\"_blank\" rel=\"noopener nofollow\">JonOne<\/a>, pionnier du mouvement, dont la premi\u00e8re oeuvre connue sur Roubaix \u2013 un volet de la rue de l\u2019Hospice graff\u00e9 dans le cadre de #XU 2015 \u2013 a \u00e9t\u00e9 install\u00e9e sur un des murs de La Piscine, invitant le spectateur \u00e0 passer de la rue au mus\u00e9e.<\/p>\n<p>&gt; 14 et 42 rue du Grand Chemin + 22 rue des Champs<\/p>\n","protected":false},"excerpt":{"rendered":"\u00ab La Justice \u00bb est l\u2019un des plus anciens graffs de la m\u00e9tropole lilloise, trac\u00e9 \u00e0 Roubaix par&hellip;\n","protected":false},"author":2,"featured_media":131228,"comment_status":"","ping_status":"","sticky":false,"template":"","format":"standard","meta":{"footnotes":""},"categories":[2815],"tags":[1111,11,251,1777,674,1011,27,811,230,1307,12,25,7189],"class_list":{"0":"post-131227","1":"post","2":"type-post","3":"status-publish","4":"format-standard","5":"has-post-thumbnail","7":"category-lille","8":"tag-actu","9":"tag-actualites","10":"tag-culture","11":"tag-eu","12":"tag-europe","13":"tag-fr","14":"tag-france","15":"tag-hauts-de-france","16":"tag-infographie","17":"tag-lille","18":"tag-news","19":"tag-republique-francaise","20":"tag-street-art"},"share_on_mastodon":{"url":"https:\/\/pubeurope.com\/@fr\/114578624572473335","error":""},"_links":{"self":[{"href":"https:\/\/www.europesays.com\/fr\/wp-json\/wp\/v2\/posts\/131227","targetHints":{"allow":["GET"]}}],"collection":[{"href":"https:\/\/www.europesays.com\/fr\/wp-json\/wp\/v2\/posts"}],"about":[{"href":"https:\/\/www.europesays.com\/fr\/wp-json\/wp\/v2\/types\/post"}],"author":[{"embeddable":true,"href":"https:\/\/www.europesays.com\/fr\/wp-json\/wp\/v2\/users\/2"}],"replies":[{"embeddable":true,"href":"https:\/\/www.europesays.com\/fr\/wp-json\/wp\/v2\/comments?post=131227"}],"version-history":[{"count":0,"href":"https:\/\/www.europesays.com\/fr\/wp-json\/wp\/v2\/posts\/131227\/revisions"}],"wp:featuredmedia":[{"embeddable":true,"href":"https:\/\/www.europesays.com\/fr\/wp-json\/wp\/v2\/media\/131228"}],"wp:attachment":[{"href":"https:\/\/www.europesays.com\/fr\/wp-json\/wp\/v2\/media?parent=131227"}],"wp:term":[{"taxonomy":"category","embeddable":true,"href":"https:\/\/www.europesays.com\/fr\/wp-json\/wp\/v2\/categories?post=131227"},{"taxonomy":"post_tag","embeddable":true,"href":"https:\/\/www.europesays.com\/fr\/wp-json\/wp\/v2\/tags?post=131227"}],"curies":[{"name":"wp","href":"https:\/\/api.w.org\/{rel}","templated":true}]}}