{"id":131233,"date":"2025-05-27T07:32:09","date_gmt":"2025-05-27T07:32:09","guid":{"rendered":"https:\/\/www.europesays.com\/fr\/131233\/"},"modified":"2025-05-27T07:32:09","modified_gmt":"2025-05-27T07:32:09","slug":"la50-saturee-dans-les-deux-sens-la-rocade-l2-tres-encombre-en-direction-daubagne","status":"publish","type":"post","link":"https:\/\/www.europesays.com\/fr\/131233\/","title":{"rendered":"l&rsquo;A50 satur\u00e9e dans les deux sens, la rocade L2 tr\u00e8s encombr\u00e9 en direction d&rsquo;Aubagne"},"content":{"rendered":"<p>Ce matin, les fortes perturbations sont toujours en cours sur des autoroutes dans Marseille. Sur l&rsquo;A50, c&rsquo;est tr\u00e8s compliqu\u00e9 dans les deux sens. En particulier \u00e0 la sortie de la cit\u00e9 phoc\u00e9enne o\u00f9 l&rsquo;accident, impliquant deux v\u00e9hicules \u00e0 hauteur de la station la Pomme, provoque encore de s\u00e9rieuses complications. La circulation est satur\u00e9e jusqu&rsquo;\u00e0 l&rsquo;entr\u00e9e de l&rsquo;autoroute.<\/p>\n<p>Par ricochet, sur la rocade L2, une retenue important est en cours, dans le sens Aix-Aubagne. Elle remonte \u00e0 Montolivet, ce qui ne fait pas moins de 6 \u00e0 7 kilom\u00e8tres de bouchon. Dans l&rsquo;autre sens, un bouchon est important est en cours \u00e0 l&rsquo;arriv\u00e9e sur l&rsquo;autoroute A7.<\/p>\n<p>Par ailleurs, le tunnel Prado-Car\u00e9nage est ferm\u00e9 dans le sens Aubgane-Marseille pour r\u00e9gulation, le trafic \u00e9tant tr\u00e8s important dans la zone.<\/p>\n","protected":false},"excerpt":{"rendered":"Ce matin, les fortes perturbations sont toujours en cours sur des autoroutes dans Marseille. Sur l&rsquo;A50, c&rsquo;est tr\u00e8s&hellip;\n","protected":false},"author":2,"featured_media":131234,"comment_status":"","ping_status":"","sticky":false,"template":"","format":"standard","meta":{"footnotes":""},"categories":[2814],"tags":[17,1111,11,7480,1446,4070,1777,674,1011,27,4900,151,884,12,882,16,25,25546],"class_list":{"0":"post-131233","1":"post","2":"type-post","3":"status-publish","4":"format-standard","5":"has-post-thumbnail","7":"category-marseille","8":"tag-17","9":"tag-actu","10":"tag-actualites","11":"tag-autoroutes","12":"tag-dans","13":"tag-deux","14":"tag-eu","15":"tag-europe","16":"tag-fr","17":"tag-france","18":"tag-la50","19":"tag-les","20":"tag-marseille","21":"tag-news","22":"tag-provence-alpes-cote-dazur","23":"tag-region","24":"tag-republique-francaise","25":"tag-saturee"},"share_on_mastodon":{"url":"https:\/\/pubeurope.com\/@fr\/114578636411302227","error":""},"_links":{"self":[{"href":"https:\/\/www.europesays.com\/fr\/wp-json\/wp\/v2\/posts\/131233","targetHints":{"allow":["GET"]}}],"collection":[{"href":"https:\/\/www.europesays.com\/fr\/wp-json\/wp\/v2\/posts"}],"about":[{"href":"https:\/\/www.europesays.com\/fr\/wp-json\/wp\/v2\/types\/post"}],"author":[{"embeddable":true,"href":"https:\/\/www.europesays.com\/fr\/wp-json\/wp\/v2\/users\/2"}],"replies":[{"embeddable":true,"href":"https:\/\/www.europesays.com\/fr\/wp-json\/wp\/v2\/comments?post=131233"}],"version-history":[{"count":0,"href":"https:\/\/www.europesays.com\/fr\/wp-json\/wp\/v2\/posts\/131233\/revisions"}],"wp:featuredmedia":[{"embeddable":true,"href":"https:\/\/www.europesays.com\/fr\/wp-json\/wp\/v2\/media\/131234"}],"wp:attachment":[{"href":"https:\/\/www.europesays.com\/fr\/wp-json\/wp\/v2\/media?parent=131233"}],"wp:term":[{"taxonomy":"category","embeddable":true,"href":"https:\/\/www.europesays.com\/fr\/wp-json\/wp\/v2\/categories?post=131233"},{"taxonomy":"post_tag","embeddable":true,"href":"https:\/\/www.europesays.com\/fr\/wp-json\/wp\/v2\/tags?post=131233"}],"curies":[{"name":"wp","href":"https:\/\/api.w.org\/{rel}","templated":true}]}}