{"id":131239,"date":"2025-05-27T07:35:08","date_gmt":"2025-05-27T07:35:08","guid":{"rendered":"https:\/\/www.europesays.com\/fr\/131239\/"},"modified":"2025-05-27T07:35:08","modified_gmt":"2025-05-27T07:35:08","slug":"grosse-chaleur-ou-orages-les-previsions-meteo-pour-le-week-end-de-lascension-a-paris-et-en-ile-de-france","status":"publish","type":"post","link":"https:\/\/www.europesays.com\/fr\/131239\/","title":{"rendered":"Grosse chaleur ou orages ? Les pr\u00e9visions m\u00e9t\u00e9o pour le week-end de l&rsquo;Ascension \u00e0 Paris et en \u00cele-de-France"},"content":{"rendered":"<p>            Par<br \/>\n        <strong><br \/>\n            <a href=\"https:\/\/actu.fr\/auteur\/redaction-paris\" title=\"Consulter tous les articles de R\u00e9daction Paris\" target=\"_blank\" rel=\"noopener\">R\u00e9daction Paris<\/a><br \/>\n        <\/strong><\/p>\n<p>        Publi\u00e9 le<\/p>\n<p>            27 mai 2025 \u00e0 9h03        <\/p>\n<p>Les premi\u00e8res fortes chaleurs sont attendues cette semaine en France. Ce mardi, la pouss\u00e9e de l\u2019anticyclone des A\u00e7ores devrait assurer, selon <a href=\"https:\/\/actu.fr\/tag\/meteo-france\" target=\"_blank\" rel=\"noopener\">M\u00e9t\u00e9o-France<\/a>, un temps bien ensoleill\u00e9 sur une petite moiti\u00e9 sud, les r\u00e9gions centrales connaissant un temps nuageux mais sec tandis qu\u2019une nouvelle perturbation arrosera les r\u00e9gions au nord de <a href=\"https:\/\/actu.fr\/tag\/la-seine\" target=\"_blank\" rel=\"noopener\">la Seine<\/a> et surtout le Pas-de-Calais qui pourrait recueillir jusqu\u2019\u00e0 20 mm en 24 heures. Mais quid de la suite de la semaine alors que se profile le long week-end de l\u2019Ascension ?\u00a0 Le point sur la <a href=\"https:\/\/actu.fr\/paris\/meteo\" target=\"_blank\" rel=\"noopener\">m\u00e9t\u00e9o<\/a> pr\u00e9vue \u00e0 Paris et en \u00cele-de-France.\u00a0<\/p>\n<p>Les pr\u00e9visions de M\u00e9t\u00e9o-France \u00e0 Paris et en \u00cele-de-France pour le week-end de l\u2019Ascension<\/p>\n<p class=\" wall-content\">Jusqu\u2019\u00e0 jeudi, c\u2019est la grisaille qui attend les Franciliens. Celle-ci devrait m\u00eame \u00eatre accompagn\u00e9e d\u2019ond\u00e9es \u00e9parses mercredi avec seulement 18\u00b0C en d\u00e9but d\u2019apr\u00e8s-midi dans la capitale.\u00a0<\/p>\n<p class=\" wall-content\">Le temps va changer \u00e0 partir de jeudi avec des \u00e9claircies de plus en plus franches au fil de la journ\u00e9e et des temp\u00e9ratures orient\u00e9es \u00e0 la hausse puisque l\u2019on attend jusqu\u2019\u00e0 24\u00b0C \u00e0 Paris. Une tendance qui va se poursuivre vendredi, journ\u00e9e durant laquelle le soleil va briller sans partage dans le ciel francilien. On gagnera encore quelques degr\u00e9s avec 29\u00b0C attendus.\u00a0<\/p>\n<p class=\" wall-content\">\n<p class=\" wall-content\">Malheureusement, \u00e0 l\u2019heure actuelle, M\u00e9t\u00e9o-France pr\u00e9voit une d\u00e9gradation du temps d\u00e8s le lendemain. Les pr\u00e9visions sont \u00e0 affiner mais des <a href=\"https:\/\/actu.fr\/tag\/orages\" target=\"_blank\" rel=\"noopener\">orages<\/a> pourraient \u00e9clater \u00e0 partir du matin et se prolonger dans l\u2019apr\u00e8s-midi tandis que les temp\u00e9ratures devraient rester \u00e9lev\u00e9es (27\u00b0C \u00e0 Paris).\u00a0<\/p>\n<p class=\" wall-content\">Suivez toute l\u2019actualit\u00e9 de vos villes et m\u00e9dias favoris en vous inscrivant \u00e0 <a href=\"https:\/\/moncompte.actu.fr\" title=\"D\u00e9couvez Mon Actu\" rel=\"nofollow noopener\" data-trk=\"{&quot;cta&quot;:{&quot;action&quot;:&quot;https:\\\/\\\/moncompte.actu.fr&quot;,&quot;category&quot;:&quot;mon compte&quot;,&quot;from&quot;:&quot;article footer&quot;,&quot;name&quot;:&quot;Mon actu&quot;,&quot;type&quot;:&quot;cta&quot;}}\" target=\"_blank\">Mon Actu<\/a>.<\/p>\n","protected":false},"excerpt":{"rendered":"Par R\u00e9daction Paris Publi\u00e9 le 27 mai 2025 \u00e0 9h03 Les premi\u00e8res fortes chaleurs sont attendues cette semaine&hellip;\n","protected":false},"author":2,"featured_media":131240,"comment_status":"","ping_status":"","sticky":false,"template":"","format":"standard","meta":{"footnotes":""},"categories":[1592],"tags":[1111,11,1777,674,1011,27,662,2487,2357,12,4594,626,25],"class_list":{"0":"post-131239","1":"post","2":"type-post","3":"status-publish","4":"format-standard","5":"has-post-thumbnail","7":"category-ile-de-france","8":"tag-actu","9":"tag-actualites","10":"tag-eu","11":"tag-europe","12":"tag-fr","13":"tag-france","14":"tag-ile-de-france","15":"tag-meteo","16":"tag-meteo-france","17":"tag-news","18":"tag-orages","19":"tag-paris","20":"tag-republique-francaise"},"share_on_mastodon":{"url":"https:\/\/pubeurope.com\/@fr\/114578648174960037","error":""},"_links":{"self":[{"href":"https:\/\/www.europesays.com\/fr\/wp-json\/wp\/v2\/posts\/131239","targetHints":{"allow":["GET"]}}],"collection":[{"href":"https:\/\/www.europesays.com\/fr\/wp-json\/wp\/v2\/posts"}],"about":[{"href":"https:\/\/www.europesays.com\/fr\/wp-json\/wp\/v2\/types\/post"}],"author":[{"embeddable":true,"href":"https:\/\/www.europesays.com\/fr\/wp-json\/wp\/v2\/users\/2"}],"replies":[{"embeddable":true,"href":"https:\/\/www.europesays.com\/fr\/wp-json\/wp\/v2\/comments?post=131239"}],"version-history":[{"count":0,"href":"https:\/\/www.europesays.com\/fr\/wp-json\/wp\/v2\/posts\/131239\/revisions"}],"wp:featuredmedia":[{"embeddable":true,"href":"https:\/\/www.europesays.com\/fr\/wp-json\/wp\/v2\/media\/131240"}],"wp:attachment":[{"href":"https:\/\/www.europesays.com\/fr\/wp-json\/wp\/v2\/media?parent=131239"}],"wp:term":[{"taxonomy":"category","embeddable":true,"href":"https:\/\/www.europesays.com\/fr\/wp-json\/wp\/v2\/categories?post=131239"},{"taxonomy":"post_tag","embeddable":true,"href":"https:\/\/www.europesays.com\/fr\/wp-json\/wp\/v2\/tags?post=131239"}],"curies":[{"name":"wp","href":"https:\/\/api.w.org\/{rel}","templated":true}]}}