{"id":131252,"date":"2025-05-27T07:42:08","date_gmt":"2025-05-27T07:42:08","guid":{"rendered":"https:\/\/www.europesays.com\/fr\/131252\/"},"modified":"2025-05-27T07:42:08","modified_gmt":"2025-05-27T07:42:08","slug":"la-portee-des-missiles-fournis-a-kyiv-nest-plus-restreinte-annonce-le-chancelier-allemand-liberation","status":"publish","type":"post","link":"https:\/\/www.europesays.com\/fr\/131252\/","title":{"rendered":"la port\u00e9e des missiles fournis \u00e0 Kyiv n\u2019est plus restreinte, annonce le chancelier allemand \u2013 Lib\u00e9ration"},"content":{"rendered":"<p class=\"sc-ksZaOG ehjQrN text-element\">Les<a href=\"https:\/\/www.liberation.fr\/international\/europe\/coalition-des-volontaires-macron-starmer-merz-et-tusk-aux-cotes-de-zelensky-a-kyiv-pour-un-sommet-historique-20250510_IATJ5TI45NBDVLGKTLM3RQGNMQ\/\" target=\"_blank\" rel=\"noreferrer nofollow noopener\" title=\"https:\/\/www.liberation.fr\/international\/europe\/coalition-des-volontaires-macron-starmer-merz-et-tusk-aux-cotes-de-zelensky-a-kyiv-pour-un-sommet-historique-20250510_IATJ5TI45NBDVLGKTLM3RQGNMQ\/\"> principaux alli\u00e9s occidentaux<\/a> de l\u2019Ukraine, dont Berlin, ne fixent plus de restrictions \u00e0 l\u2019utilisation des armes fournies \u00e0 Kyiv, qui peut donc cibler librement le territoire de la Russie, a affirm\u00e9 lundi 26 mai au soir le chancelier allemand. \u00abIl n\u2019y a plus de limites de port\u00e9e pour les armes qui ont \u00e9t\u00e9 livr\u00e9es \u00e0 l\u2019Ukraine. Ni par les Britanniques, ni par les Fran\u00e7ais, ni par nous. Ni par les Am\u00e9ricains\u00bb, a d\u00e9clar\u00e9 <a href=\"https:\/\/www.liberation.fr\/international\/europe\/friedrich-merz-elu-chancelier-allemand-leurope-au-coeur-20250506_5PTLUB7CHVA6VMZYVAUSABNB4Y\/\" target=\"_blank\" rel=\"noreferrer nofollow noopener\" title=\"https:\/\/www.liberation.fr\/international\/europe\/friedrich-merz-elu-chancelier-allemand-leurope-au-coeur-20250506_5PTLUB7CHVA6VMZYVAUSABNB4Y\/\">Friedrich Merz<\/a>.<\/p>\n<p class=\"sc-ksZaOG ehjQrN text-element\">\u00abCela signifie que l\u2019Ukraine peut d\u00e9sormais se d\u00e9fendre, par exemple en attaquant des positions militaires en Russie [\u2026], ce qu\u2019elle ne faisait pas il y a quelque temps, \u00e0 quelques exceptions pr\u00e8s. Elle peut le faire maintenant\u00bb, a not\u00e9 le dirigeant conservateur allemand, au cours d\u2019un entretien avec la t\u00e9l\u00e9vision publique WDR \u00e0 Berlin.<\/p>\n<p class=\"sc-ksZaOG ehjQrN text-element\">Le nouveau chef du gouvernement allemand n\u2019a pas pr\u00e9cis\u00e9 \u00e0 quel moment chaque pays, y compris le sien, avait d\u00e9cid\u00e9 ces changements, ce qui a sem\u00e9 la confusion sur la nouveaut\u00e9 ou pas de ses propos. Car l\u2019ancien pr\u00e9sident am\u00e9ricain Joe Biden avait d\u00e9j\u00e0, d\u00e8s novembre 2024, donn\u00e9 son feu vert \u00e0 <a href=\"https:\/\/www.liberation.fr\/international\/europe\/guerre-en-ukraine-la-russie-affirme-que-kyiv-a-procede-a-de-premiers-tirs-de-missiles-americains-atacms-sur-son-sol-20241119_MBFLNAQMHBC6BKIWWFCUQ4YSR4\/\" target=\"_blank\" rel=\"noreferrer nofollow noopener\" title=\"https:\/\/www.liberation.fr\/international\/europe\/guerre-en-ukraine-la-russie-affirme-que-kyiv-a-procede-a-de-premiers-tirs-de-missiles-americains-atacms-sur-son-sol-20241119_MBFLNAQMHBC6BKIWWFCUQ4YSR4\/\">l\u2019usage par Kyiv de missiles tactiques de longue port\u00e9e (ATACMS) <\/a>contre des cibles situ\u00e9es en Russie.<\/p>\n<p class=\"sc-ksZaOG ehjQrN text-element\">L\u2019Ukraine avait aussi tir\u00e9 en novembre <a href=\"https:\/\/www.liberation.fr\/international\/europe\/des-missiles-britanniques-storm-shadow-tires-pour-la-premiere-fois-sur-la-russie-par-lukraine-apres-les-atacms-americains-20241121_6N3W53IIRZCKTO45MEKT5UAH2I\/\" target=\"_blank\" rel=\"noreferrer nofollow noopener\" title=\"https:\/\/www.liberation.fr\/international\/europe\/des-missiles-britanniques-storm-shadow-tires-pour-la-premiere-fois-sur-la-russie-par-lukraine-apres-les-atacms-americains-20241121_6N3W53IIRZCKTO45MEKT5UAH2I\/\">pour la premi\u00e8re fois des missiles Storm Shadow<\/a> fournis par le Royaume-Uni sur la Russie, apr\u00e8s avoir re\u00e7u le feu vert de Londres, selon les m\u00e9dias britanniques. Et le pr\u00e9sident fran\u00e7ais Emmanuel Macron avait affirm\u00e9 d\u00e8s mai 2024 que des frappes en Russie \u00e9taient possibles. La France a livr\u00e9 des missiles Scalp.<\/p>\n<p class=\"sc-ksZaOG ehjQrN text-element\">Friedrich Merz n\u2019a pas non plus dit si ces propos auraient ou non une incidence sur les armes livr\u00e9es \u00e0 l\u2019avenir par Berlin \u00e0 l\u2019Ukraine, en particulier concernant les missiles de longue port\u00e9e Taurus. Sous le pr\u00e9c\u00e9dent gouvernement du social-d\u00e9mocrate Olaf Scholz, l\u2019Allemagne, le deuxi\u00e8me fournisseur d\u2019aide militaire \u00e0 l\u2019Ukraine, avait refus\u00e9 de lui fournir ces missiles Taurus, craignant une aggravation des tensions avec la Russie.<\/p>\n<p class=\"sc-ksZaOG ehjQrN text-element\">D\u00e9but mai, lorsqu\u2019il a pris ses fonctions \u00e0 la t\u00eate du gouvernement, Friedrich Merz s\u2019\u00e9tait dit favorable \u00e0 la livraison de ces missiles d\u2019une port\u00e9e de plus de 500 km, permettant d\u2019atteindre le territoire russe en profondeur. Mais, depuis, il s\u2019est montr\u00e9 plus ambigu, soulignant qu\u2019il ne donnerait plus le d\u00e9tail des armes qu\u2019il enverrait \u00e0 l\u2019Ukraine, pour des raisons strat\u00e9giques, afin de ne pas en informer Moscou. Jusqu\u2019\u00e0 pr\u00e9sent, l\u2019Allemagne n\u2019a pas fourni \u00e0 l\u2019Ukraine d\u2019armes d\u2019une port\u00e9e sup\u00e9rieure \u00e0 70 kilom\u00e8tres environ.<\/p>\n<p class=\"sc-ksZaOG ehjQrN text-element\">Les alli\u00e9s europ\u00e9ens feront encore \u00abtout ce qui est en (leur) pouvoir pour continuer \u00e0 soutenir militairement l\u2019Ukraine\u00bb, a assur\u00e9 de mani\u00e8re g\u00e9n\u00e9rale Friedrich Merz.<\/p>\n<p class=\"sc-ksZaOG ehjQrN text-element\">\u00abSi ces d\u00e9cisions ont vraiment eu lieu, elles vont absolument \u00e0 l\u2019encontre de nos aspirations \u00e0 entrer dans un r\u00e8glement politique [\u2026]. Et donc c\u2019est une d\u00e9cision assez dangereuse\u00bb, a rapidement r\u00e9agi Dmitri Peskov, le porte-parole de la pr\u00e9sidence russe.<\/p>\n<p class=\"sc-ksZaOG ehjQrN text-element\"><a href=\"https:\/\/www.liberation.fr\/international\/europe\/guerre-en-ukraine-une-conversation-tres-utile-et-sincere-commente-vladimir-poutine-a-lissue-de-son-appel-avec-donald-trump-20250519_GU3TZNES7NGF5MIZUN6UJT6AFU\/\" target=\"_blank\" rel=\"noreferrer nofollow noopener\" title=\"https:\/\/www.liberation.fr\/international\/europe\/guerre-en-ukraine-une-conversation-tres-utile-et-sincere-commente-vladimir-poutine-a-lissue-de-son-appel-avec-donald-trump-20250519_GU3TZNES7NGF5MIZUN6UJT6AFU\/\">Des pourparlers<\/a> ce mois-ci \u00e0 Istanbul entre Ukrainiens et Russes, les premiers depuis 2022, n\u2019ont pas abouti \u00e0 un cessez-le-feu, les bombardements meurtriers se poursuivant sur le terrain.<\/p>\n<p class=\"sc-ksZaOG ehjQrN text-element\">L\u2019Ukraine a subi une attaque impliquant le nombre record de 355 drones dans la nuit de dimanche \u00e0 lundi, apr\u00e8s un week-end de frappes massives au cours duquel Donald Trump a accus\u00e9 Vladimir Poutine d\u2019\u00eatre devenu \u00abcompl\u00e8tement fou\u00bb.<\/p>\n","protected":false},"excerpt":{"rendered":"Les principaux alli\u00e9s occidentaux de l\u2019Ukraine, dont Berlin, ne fixent plus de restrictions \u00e0 l\u2019utilisation des armes fournies&hellip;\n","protected":false},"author":2,"featured_media":131253,"comment_status":"","ping_status":"","sticky":false,"template":"","format":"standard","meta":{"footnotes":""},"categories":[1590],"tags":[11,672,1777,674,12,220,297],"class_list":{"0":"post-131252","1":"post","2":"type-post","3":"status-publish","4":"format-standard","5":"has-post-thumbnail","7":"category-ukraine","8":"tag-actualites","9":"tag-allemagne","10":"tag-eu","11":"tag-europe","12":"tag-news","13":"tag-ukraine","14":"tag-ukraine-la-crise"},"share_on_mastodon":{"url":"https:\/\/pubeurope.com\/@fr\/114578675693191814","error":""},"_links":{"self":[{"href":"https:\/\/www.europesays.com\/fr\/wp-json\/wp\/v2\/posts\/131252","targetHints":{"allow":["GET"]}}],"collection":[{"href":"https:\/\/www.europesays.com\/fr\/wp-json\/wp\/v2\/posts"}],"about":[{"href":"https:\/\/www.europesays.com\/fr\/wp-json\/wp\/v2\/types\/post"}],"author":[{"embeddable":true,"href":"https:\/\/www.europesays.com\/fr\/wp-json\/wp\/v2\/users\/2"}],"replies":[{"embeddable":true,"href":"https:\/\/www.europesays.com\/fr\/wp-json\/wp\/v2\/comments?post=131252"}],"version-history":[{"count":0,"href":"https:\/\/www.europesays.com\/fr\/wp-json\/wp\/v2\/posts\/131252\/revisions"}],"wp:featuredmedia":[{"embeddable":true,"href":"https:\/\/www.europesays.com\/fr\/wp-json\/wp\/v2\/media\/131253"}],"wp:attachment":[{"href":"https:\/\/www.europesays.com\/fr\/wp-json\/wp\/v2\/media?parent=131252"}],"wp:term":[{"taxonomy":"category","embeddable":true,"href":"https:\/\/www.europesays.com\/fr\/wp-json\/wp\/v2\/categories?post=131252"},{"taxonomy":"post_tag","embeddable":true,"href":"https:\/\/www.europesays.com\/fr\/wp-json\/wp\/v2\/tags?post=131252"}],"curies":[{"name":"wp","href":"https:\/\/api.w.org\/{rel}","templated":true}]}}