{"id":131257,"date":"2025-05-27T07:45:13","date_gmt":"2025-05-27T07:45:13","guid":{"rendered":"https:\/\/www.europesays.com\/fr\/131257\/"},"modified":"2025-05-27T07:45:13","modified_gmt":"2025-05-27T07:45:13","slug":"allemagne-le-moral-des-consommateurs-sameliore-en-juin-gfk-27-05-2025-a-0838","status":"publish","type":"post","link":"https:\/\/www.europesays.com\/fr\/131257\/","title":{"rendered":"Allemagne-Le moral des consommateurs s&rsquo;am\u00e9liore en juin-Gfk &#8211; 27\/05\/2025 \u00e0 08:38"},"content":{"rendered":"<p>\n Le moral des consommateurs<br \/>\nallemands devrait encore s&rsquo;am\u00e9liorer \u00e0 l&rsquo;approche du mois de<br \/>\njuin, mais la prudence des m\u00e9nages quant \u00e0 leurs d\u00e9penses reste<br \/>\nun obstacle \u00e0 une reprise plus solide de la premi\u00e8re \u00e9conomie<br \/>\nd&rsquo;Europe, montre une enqu\u00eate publi\u00e9e mardi.\n<\/p>\n<p>\n L&rsquo;indice de confiance des consommateurs publi\u00e9 par<br \/>\nl&rsquo;institut GfK et le Nuremberg Institute for Market Decisions<br \/>\n(NIM) est pass\u00e9 de -20,8 points \u00e0 -19,9 points, contre une<br \/>\npr\u00e9vision moyenne de -19,8 points \u00e9tablie par les analystes<br \/>\ninterrog\u00e9s par Reuters.\n<\/p>\n<p>\n Cette am\u00e9lioration est due au redressement des perspectives<br \/>\nde revenus en mai, qui influence l&rsquo;\u00e9valuation du moral des<br \/>\nconsommateurs pour le mois \u00e0 venir. La baisse de la propension \u00e0<br \/>\nacheter et la hausse de celle \u00e0 \u00e9pargner ont cependant eu un<br \/>\neffet mod\u00e9rateur.\n<\/p>\n<p>\n Il s&rsquo;agit de la troisi\u00e8me hausse mensuelle de l&rsquo;indicateur<br \/>\nglobal, mais le rythme d&rsquo;am\u00e9lioration a ralenti \u00e0 l&rsquo;approche du<br \/>\nmois de juin.\n<\/p>\n<p>\n \u00ab\u00a0Le niveau de confiance des consommateurs reste extr\u00eamement<br \/>\nbas et l&rsquo;incertitude des consommateurs reste \u00e9lev\u00e9e\u00a0\u00bb, souligne<br \/>\nRolf Buerkl, responsable du sentiment des consommateurs chez<br \/>\nNIM. Il cite notamment les turbulences li\u00e9es aux droits de<br \/>\ndouane et \u00e0 la Bourse, ainsi que la perspective d&rsquo;une troisi\u00e8me<br \/>\nann\u00e9e sans croissance en Allemagne, ce qui serait historique.\n<\/p>\n<p>\n \u00ab\u00a0Compte tenu de la situation \u00e9conomique g\u00e9n\u00e9rale, les gens<br \/>\nsemblent penser qu&rsquo;il est judicieux d&rsquo;\u00e9pargner\u00a0\u00bb, a-t-il dit.\n<\/p>\n<p>\n Le nouveau gouvernement allemand s&rsquo;est engag\u00e9 \u00e0 accro\u00eetre<br \/>\nconsid\u00e9rablement les investissements et \u00e0 stimuler l&rsquo;\u00e9conomie<br \/>\napr\u00e8s deux ann\u00e9es de contraction.\n<\/p>\n<p>\n Mais les tensions commerciales, li\u00e9es \u00e0 la politique voulue<br \/>\npar le pr\u00e9sident am\u00e9ricain, Donald Trump, menacent l&rsquo;\u00e9conomie<br \/>\nallemande, tr\u00e8s d\u00e9pendante des exportations. Cette incertitude a<br \/>\nconduit le gouvernement \u00e0 renoncer \u00e0 sa pr\u00e9vision de croissance<br \/>\n\u00e9conomique pour 2026.\n<\/p>\n<p>\n (R\u00e9dig\u00e9 par Rachel More; version fran\u00e7aise Claude Chendjou,<br \/>\n\u00e9dit\u00e9 par Augustin Turpin)<\/p>\n","protected":false},"excerpt":{"rendered":"Le moral des consommateurs allemands devrait encore s&rsquo;am\u00e9liorer \u00e0 l&rsquo;approche du mois de juin, mais la prudence des&hellip;\n","protected":false},"author":2,"featured_media":2554,"comment_status":"","ping_status":"","sticky":false,"template":"","format":"standard","meta":{"footnotes":""},"categories":[1587],"tags":[400,11,672,398,408,1804,405,1805,1803,1777,674,1801,403,402,399,404,12,1802,401,406,407],"class_list":{"0":"post-131257","1":"post","2":"type-post","3":"status-publish","4":"format-standard","5":"has-post-thumbnail","7":"category-allemagne","8":"tag-action-cac-40","9":"tag-actualites","10":"tag-allemagne","11":"tag-bourse-de-paris","12":"tag-boursorama","13":"tag-bundesrepublik-deutschland","14":"tag-cotations","15":"tag-de","16":"tag-deutschland","17":"tag-eu","18":"tag-europe","19":"tag-germany","20":"tag-indices-devises","21":"tag-investir","22":"tag-investissement","23":"tag-marche-boursier","24":"tag-news","25":"tag-republique-federale-dallemagne","26":"tag-sicav","27":"tag-trackers","28":"tag-warrants"},"share_on_mastodon":{"url":"https:\/\/pubeurope.com\/@fr\/114578687652771007","error":""},"_links":{"self":[{"href":"https:\/\/www.europesays.com\/fr\/wp-json\/wp\/v2\/posts\/131257","targetHints":{"allow":["GET"]}}],"collection":[{"href":"https:\/\/www.europesays.com\/fr\/wp-json\/wp\/v2\/posts"}],"about":[{"href":"https:\/\/www.europesays.com\/fr\/wp-json\/wp\/v2\/types\/post"}],"author":[{"embeddable":true,"href":"https:\/\/www.europesays.com\/fr\/wp-json\/wp\/v2\/users\/2"}],"replies":[{"embeddable":true,"href":"https:\/\/www.europesays.com\/fr\/wp-json\/wp\/v2\/comments?post=131257"}],"version-history":[{"count":0,"href":"https:\/\/www.europesays.com\/fr\/wp-json\/wp\/v2\/posts\/131257\/revisions"}],"wp:featuredmedia":[{"embeddable":true,"href":"https:\/\/www.europesays.com\/fr\/wp-json\/wp\/v2\/media\/2554"}],"wp:attachment":[{"href":"https:\/\/www.europesays.com\/fr\/wp-json\/wp\/v2\/media?parent=131257"}],"wp:term":[{"taxonomy":"category","embeddable":true,"href":"https:\/\/www.europesays.com\/fr\/wp-json\/wp\/v2\/categories?post=131257"},{"taxonomy":"post_tag","embeddable":true,"href":"https:\/\/www.europesays.com\/fr\/wp-json\/wp\/v2\/tags?post=131257"}],"curies":[{"name":"wp","href":"https:\/\/api.w.org\/{rel}","templated":true}]}}