{"id":131263,"date":"2025-05-27T07:49:11","date_gmt":"2025-05-27T07:49:11","guid":{"rendered":"https:\/\/www.europesays.com\/fr\/131263\/"},"modified":"2025-05-27T07:49:11","modified_gmt":"2025-05-27T07:49:11","slug":"une-voiture-fonce-sur-la-foule-lors-de-la-parade-a-liverpool-27-personnes-hospitalisees","status":"publish","type":"post","link":"https:\/\/www.europesays.com\/fr\/131263\/","title":{"rendered":"une voiture fonce sur la foule lors de la parade \u00e0 Liverpool, 27 personnes hospitalis\u00e9es"},"content":{"rendered":"<p>Alors que de nombreux supporters des Reds s\u2019\u00e9taient d\u00e9plac\u00e9s dans les rues de Liverpool pour c\u00e9l\u00e9brer ses h\u00e9ros champions d\u2019Angleterre, une voiture a fonc\u00e9 dans la foule.<\/p>\n<p class=\"fig-paragraph\">Vingt-sept personnes ont \u00e9t\u00e9 hospitalis\u00e9es, dont deux dans un \u00e9tat grave, apr\u00e8s qu&rsquo;une voiture a fonc\u00e9 lundi soir \u00e0 Liverpool sur la foule qui c\u00e9l\u00e9brait la victoire du club de foot\u00a0<a href=\"http:\/\/www.lefigaro.fr\/sports\/football\/angleterre\/premier-league-klopp-reconnaissant-et-fier-du-nouveau-sacre-de-liverpool-20250428\" data-fig-type=\"NewsFlash\" data-gtm-custom-categorie=\"navigation\" data-gtm-custom-action=\"crossclick\" data-gtm-custom-label=\"Contextuel\" data-gtm-event=\"customEventSPE\" data-fig-domain=\"LEFIGARO\" target=\"_blank\" rel=\"noopener\">Liverpool FC<\/a>\u00a0en\u00a0<a href=\"http:\/\/www.lefigaro.fr\/sports\/football\/angleterre\/premier-league-manchester-city-chelsea-et-newcastle-decrochent-leur-billet-pour-la-ligue-des-champions-20250525\" data-fig-type=\"NewsFlash\" data-gtm-custom-categorie=\"navigation\" data-gtm-custom-action=\"crossclick\" data-gtm-custom-label=\"Contextuel\" data-gtm-event=\"customEventSPE\" data-fig-domain=\"LEFIGARO\" target=\"_blank\" rel=\"noopener\">Premier League<\/a>, un incident \u00abisol\u00e9\u00bb qui n&rsquo;est pas trait\u00e9 comme terroriste selon la police.<\/p>\n<p class=\"fig-paragraph\">Parmi les bless\u00e9s hospitalis\u00e9s, quatre sont des enfants, ont indiqu\u00e9 lors d&rsquo;une conf\u00e9rence de presse les services de secours Northwest ambulance service. Un enfant est dans un \u00e9tat grave. Une vingtaine d&rsquo;autres bless\u00e9s ont \u00e9t\u00e9 soign\u00e9s sur place. Avant que tout bascule, vers 18H00 (17H00 GMT), \u00abce fut une journ\u00e9e joyeuse \u00e0 Liverpool, avec des centaines de milliers de personnes dans les rues pour c\u00e9l\u00e9brer la parade de la victoire du Liverpool Football Club\u00bb, a soulign\u00e9 Jenny Sims, de la Merseyside police.<\/p>\n<p class=\"fig-paragraph\">Des images circulant sur les r\u00e9seaux sociaux montrent une voiture sombre foncer sur une foule compacte et percuter plusieurs personnes. On y voit des gens projet\u00e9s sur les c\u00f4t\u00e9s et sur le capot du v\u00e9hicule, puis des dizaines de personnes s&rsquo;en prendre \u00e0 la voiture, probablement pour la stopper ou arr\u00eater le conducteur. La police a indiqu\u00e9 avoir interpell\u00e9 le conducteur du v\u00e9hicule, \u00abun homme blanc britannique de 53 ans de la r\u00e9gion de Liverpool\u00bb.<\/p>\n<p class=\"fig-paragraph\">\u00abNous pensons qu&rsquo;il s&rsquo;agit d&rsquo;un incident isol\u00e9, et nous ne cherchons actuellement personne d&rsquo;autre. L&rsquo;incident n&rsquo;est pas trait\u00e9 comme un acte de terrorisme\u00bb, a d\u00e9clar\u00e9 lors de la conf\u00e9rence de presse Jenny Sims, la cheffe de la police du Merseyside. Elle a appel\u00e9 le public \u00e0 \u00abne pas faire de sp\u00e9culation ou r\u00e9pandre de la d\u00e9sinformation sur les r\u00e9seaux sociaux\u00bb. Plus t\u00f4t dans la soir\u00e9e, le Premier ministre Keir Starmer a \u00e9voqu\u00e9 des sc\u00e8nes \u00ab\u00e9pouvantables\u00bb \u00e0 Liverpool. \u00abMes pens\u00e9es vont \u00e0 tous ceux qui sont bless\u00e9s ou affect\u00e9s\u00bb, a-t-il ajout\u00e9, en parlant d&rsquo;un \u00e9v\u00e9nement \u00abchoquant\u00bb.<\/p>\n<p class=\"fig-body-link\">\n            \u00c0 lire aussi<br \/>\n        <a class=\"fig-body-link__link\" href=\"http:\/\/www.lefigaro.fr\/sports\/football\/angleterre\/premier-league-chelsea-s-offre-le-champion-liverpool-20250504\" data-fig-type=\"NewsFlash\" data-gtm-custom-categorie=\"navigation\" data-gtm-custom-action=\"crossclick\" data-gtm-custom-label=\"Contextuel\" data-gtm-event=\"customEventSPE\" data-fig-domain=\"LEFIGARO\" target=\"_blank\" rel=\"noopener\">Premier League\u00a0: Chelsea s&rsquo;offre le champion Liverpool<br \/>\n    <\/a>\n<\/p>\n<p>\u00abGens inconscients\u00bb\u00a0<\/p>\n<p class=\"fig-paragraph\">Malgr\u00e9 une pluie battante, des centaines de milliers de personnes, beaucoup en famille, \u00e9taient rassembl\u00e9es dans les rues de la ville pour c\u00e9l\u00e9brer le triomphe de Liverpool FC en Premier League, la premi\u00e8re division anglaise. Des supporters \u00e9taient pr\u00e9sents en masse, joyeux et festifs, le long du parcours de la parade, s&rsquo;\u00e9tendant sur 16 kilom\u00e8tres.<\/p>\n<p class=\"fig-paragraph\">Un t\u00e9moin cit\u00e9 par l&rsquo;agence britannique PA a dit avoir \u00abvu des gens allong\u00e9s par terre, des gens inconscients\u00bb. \u00abC&rsquo;\u00e9tait horrible. Tellement horrible\u00bb, a dit ce t\u00e9moin, Harry Rashid, 48 ans, qui assistait \u00e0 la parade avec ses deux filles et son \u00e9pouse. Il a vu la voiture percuter la foule. Elle \u00e9tait \u00abextr\u00eamement rapide\u00bb. Il a indiqu\u00e9 avoir entendu le bruit de personnes heurt\u00e9es par le capot d&rsquo;une voiture.<\/p>\n<p class=\"fig-paragraph\">Matt Cole, un journaliste de la BBC qui \u00e9tait pr\u00e9sent avec sa famille, a racont\u00e9 avoir vu \u00abune voiture bleu fonc\u00e9 foncer dans la foule\u00bb. \u00abElle ne s&rsquo;arr\u00eatait tout simplement pas. J&rsquo;ai r\u00e9ussi \u00e0 attraper ma fille qui \u00e9tait avec moi et \u00e0 me jeter sur le c\u00f4t\u00e9\u00bb, a-t-il expliqu\u00e9. Des hommes ont poursuivi la voiture pour essayer de l&rsquo;arr\u00eater, a racont\u00e9 ce journaliste.<\/p>\n<p class=\"fig-body-link\">\n            \u00c0 lire aussi<br \/>\n        <a class=\"fig-body-link__link\" href=\"http:\/\/www.lefigaro.fr\/sports\/football\/angleterre\/premier-league-quand-les-celebrations-des-supporters-de-liverpool-provoquent-des-tremblements-de-terre-20250502\" data-fig-type=\"NewsFlash\" data-gtm-custom-categorie=\"navigation\" data-gtm-custom-action=\"crossclick\" data-gtm-custom-label=\"Contextuel\" data-gtm-event=\"customEventSPE\" data-fig-domain=\"LEFIGARO\" target=\"_blank\" rel=\"noopener\">Premier League\u00a0: quand les c\u00e9l\u00e9brations des supporters de Liverpool provoquent des tremblements de terre<br \/>\n    <\/a>\n<\/p>\n<p class=\"fig-paragraph\">Le club de Liverpool a indiqu\u00e9 dans un communiqu\u00e9 \u00eatre en contact avec la police. \u00abNos pens\u00e9es et nos pri\u00e8res accompagnent ceux qui ont \u00e9t\u00e9 affect\u00e9s par cet \u00e9v\u00e9nement grave\u00bb, a-t-il \u00e9crit. La voiture a fonc\u00e9 dans la foule alors que la parade allait se terminer. Les joueurs du club, dont les stars Mohamed Salah et Virgil van Dijk, ont d\u00e9fil\u00e9 dans un bus \u00e0 imp\u00e9riale pendant environ quatre heures, ralenti par la foule festive.<\/p>\n<p class=\"fig-paragraph\">Il n&rsquo;y avait pas eu de parade lors de la derni\u00e8re victoire du club, en 2020, en raison du Covid-19. C&rsquo;\u00e9tait la premi\u00e8re fois en 35 ans que les fans pouvaient c\u00e9l\u00e9brer ensemble un titre de Premier League. Les supporters de foot \u00e0 Liverpool ont d\u00e9j\u00e0 connu un drame, qui continue de marquer la ville portuaire. En 1989, 97 supporters du club \u00e9taient morts dans une bousculade lors d&rsquo;un match dans le stade de Hillsborough \u00e0 Sheffield. Plus de 760 personnes ont \u00e9galement \u00e9t\u00e9 bless\u00e9es dans cette catastrophe, la plus meurtri\u00e8re de l&rsquo;histoire du sport britannique.<\/p>\n","protected":false},"excerpt":{"rendered":"Alors que de nombreux supporters des Reds s\u2019\u00e9taient d\u00e9plac\u00e9s dans les rues de Liverpool pour c\u00e9l\u00e9brer ses h\u00e9ros&hellip;\n","protected":false},"author":2,"featured_media":131264,"comment_status":"","ping_status":"","sticky":false,"template":"","format":"standard","meta":{"footnotes":""},"categories":[2],"tags":[11,454,69,448,83,451,64,450,449,1011,27,452,453,66,446,447,15383,12,70,25,455],"class_list":{"0":"post-131263","1":"post","2":"type-post","3":"status-publish","4":"format-standard","5":"has-post-thumbnail","7":"category-actualites","8":"tag-actualites","9":"tag-ballon-dor","10":"tag-bundesliga","11":"tag-champions-league","12":"tag-coupe-de-france","13":"tag-coupe-du-monde","14":"tag-equipe-de-france","15":"tag-euro","16":"tag-europa-league","17":"tag-fr","18":"tag-france","19":"tag-italie","20":"tag-liga","21":"tag-ligue-1","22":"tag-ligue-2","23":"tag-ligue-des-champions","24":"tag-liverpool-fc","25":"tag-news","26":"tag-premier-league","27":"tag-republique-francaise","28":"tag-uefa"},"share_on_mastodon":{"url":"https:\/\/pubeurope.com\/@fr\/114578703718652400","error":""},"_links":{"self":[{"href":"https:\/\/www.europesays.com\/fr\/wp-json\/wp\/v2\/posts\/131263","targetHints":{"allow":["GET"]}}],"collection":[{"href":"https:\/\/www.europesays.com\/fr\/wp-json\/wp\/v2\/posts"}],"about":[{"href":"https:\/\/www.europesays.com\/fr\/wp-json\/wp\/v2\/types\/post"}],"author":[{"embeddable":true,"href":"https:\/\/www.europesays.com\/fr\/wp-json\/wp\/v2\/users\/2"}],"replies":[{"embeddable":true,"href":"https:\/\/www.europesays.com\/fr\/wp-json\/wp\/v2\/comments?post=131263"}],"version-history":[{"count":0,"href":"https:\/\/www.europesays.com\/fr\/wp-json\/wp\/v2\/posts\/131263\/revisions"}],"wp:featuredmedia":[{"embeddable":true,"href":"https:\/\/www.europesays.com\/fr\/wp-json\/wp\/v2\/media\/131264"}],"wp:attachment":[{"href":"https:\/\/www.europesays.com\/fr\/wp-json\/wp\/v2\/media?parent=131263"}],"wp:term":[{"taxonomy":"category","embeddable":true,"href":"https:\/\/www.europesays.com\/fr\/wp-json\/wp\/v2\/categories?post=131263"},{"taxonomy":"post_tag","embeddable":true,"href":"https:\/\/www.europesays.com\/fr\/wp-json\/wp\/v2\/tags?post=131263"}],"curies":[{"name":"wp","href":"https:\/\/api.w.org\/{rel}","templated":true}]}}