{"id":13128,"date":"2025-04-09T17:04:31","date_gmt":"2025-04-09T17:04:31","guid":{"rendered":"https:\/\/www.europesays.com\/fr\/13128\/"},"modified":"2025-04-09T17:04:31","modified_gmt":"2025-04-09T17:04:31","slug":"grosse-polemique-apres-ol-lille","status":"publish","type":"post","link":"https:\/\/www.europesays.com\/fr\/13128\/","title":{"rendered":"Grosse pol\u00e9mique apr\u00e8s OL-Lille"},"content":{"rendered":"<p><strong>Le pr\u00e9sident lillois Olivier<br \/>\nL\u00e9tang a pouss\u00e9 un coup de gueule apr\u00e8s la d\u00e9faite de son \u00e9quipe \u00e0<br \/>\nLyon samedi soir&#8230;<\/strong><\/p>\n<p>En marge de la d\u00e9faite de Lille \u00e0 Lyon (2-1) samedi soir, le<br \/>\nLosc n\u2019a pas oubli\u00e9 de faire ce que font la plupart des clubs qui<br \/>\naffrontent l\u2019OL depuis janvier: d\u00e9poser une r\u00e9serve pour contester<br \/>\nla qualification de Thiago Almada.<\/p>\n<p>Apr\u00e8s la rencontre, Olivier L\u00e9tang en a profit\u00e9 pour pousser un<br \/>\ncoup de gueule contre le club rhodanien, qui utilise un peu trop le<br \/>\nph\u00e9nom\u00e8ne de multipropri\u00e9t\u00e9, en r\u00e9alisant des op\u00e9rations avec les<br \/>\nautres clubs de la galaxie Eagle.<\/p>\n<p>\u00ab\u00a0Il s\u2019est pass\u00e9 deux choses en deux ans qui ne sont<br \/>\npas acceptables : le transfert de Nuamah en 2024 pour 25 millions<br \/>\nd\u2019euros qui a \u00e9t\u00e9 achet\u00e9 par un club (Molenbeek) dont le budget est<br \/>\nde 8 millions d\u2019euros, c\u2019est particulier, <a href=\"https:\/\/rmcsport.bfmtv.com\/football\/ligue-1\/deux-choses-en-deux-ans-qui-ne-sont-pas-acceptables-apres-lyon-lille-letang-justifie-la-reserve-posee-pour-almada_AV-202504050432.html\" rel=\"nofollow noopener\" target=\"_blank\"><br \/>\na d\u00e9nonc\u00e9 le pr\u00e9sident nordiste face aux m\u00e9dias<\/a>. Et l\u00e0 on<br \/>\nse fait pr\u00eater un joueur d\u2019une valeur de 30 millions d\u2019euros<br \/>\n(Almada par Botafogo, ndlr). Cela fait partie des choses que nous<br \/>\nne devons pas accepter dans notre comp\u00e9tition et il faut que les<br \/>\norganes comp\u00e9tents en soient conscients \u00e9galement.\u00a0\u00bb<\/p>\n<p>\u00a0<\/p>\n","protected":false},"excerpt":{"rendered":"Le pr\u00e9sident lillois Olivier L\u00e9tang a pouss\u00e9 un coup de gueule apr\u00e8s la d\u00e9faite de son \u00e9quipe \u00e0&hellip;\n","protected":false},"author":2,"featured_media":13129,"comment_status":"","ping_status":"","sticky":false,"template":"","format":"standard","meta":{"footnotes":""},"categories":[2815],"tags":[1111,11,2113,1777,674,1011,27,811,1307,12,25],"class_list":{"0":"post-13128","1":"post","2":"type-post","3":"status-publish","4":"format-standard","5":"has-post-thumbnail","7":"category-lille","8":"tag-actu","9":"tag-actualites","10":"tag-breve","11":"tag-eu","12":"tag-europe","13":"tag-fr","14":"tag-france","15":"tag-hauts-de-france","16":"tag-lille","17":"tag-news","18":"tag-republique-francaise"},"share_on_mastodon":{"url":"https:\/\/pubeurope.com\/@fr\/114309094706270135","error":""},"_links":{"self":[{"href":"https:\/\/www.europesays.com\/fr\/wp-json\/wp\/v2\/posts\/13128","targetHints":{"allow":["GET"]}}],"collection":[{"href":"https:\/\/www.europesays.com\/fr\/wp-json\/wp\/v2\/posts"}],"about":[{"href":"https:\/\/www.europesays.com\/fr\/wp-json\/wp\/v2\/types\/post"}],"author":[{"embeddable":true,"href":"https:\/\/www.europesays.com\/fr\/wp-json\/wp\/v2\/users\/2"}],"replies":[{"embeddable":true,"href":"https:\/\/www.europesays.com\/fr\/wp-json\/wp\/v2\/comments?post=13128"}],"version-history":[{"count":0,"href":"https:\/\/www.europesays.com\/fr\/wp-json\/wp\/v2\/posts\/13128\/revisions"}],"wp:featuredmedia":[{"embeddable":true,"href":"https:\/\/www.europesays.com\/fr\/wp-json\/wp\/v2\/media\/13129"}],"wp:attachment":[{"href":"https:\/\/www.europesays.com\/fr\/wp-json\/wp\/v2\/media?parent=13128"}],"wp:term":[{"taxonomy":"category","embeddable":true,"href":"https:\/\/www.europesays.com\/fr\/wp-json\/wp\/v2\/categories?post=13128"},{"taxonomy":"post_tag","embeddable":true,"href":"https:\/\/www.europesays.com\/fr\/wp-json\/wp\/v2\/tags?post=13128"}],"curies":[{"name":"wp","href":"https:\/\/api.w.org\/{rel}","templated":true}]}}