{"id":131292,"date":"2025-05-27T08:06:13","date_gmt":"2025-05-27T08:06:13","guid":{"rendered":"https:\/\/www.europesays.com\/fr\/131292\/"},"modified":"2025-05-27T08:06:13","modified_gmt":"2025-05-27T08:06:13","slug":"arsenic-pesticides-aflatoxines-peut-on-encore-manger-du-riz-rtl-fr","status":"publish","type":"post","link":"https:\/\/www.europesays.com\/fr\/131292\/","title":{"rendered":"Arsenic, pesticides, aflatoxines : peut-on encore manger du riz ? &#8211; RTL.fr"},"content":{"rendered":"<ol>\n<li><a href=\"https:\/\/news.google.com\/rss\/articles\/CBMiogFBVV95cUxOV1cwN0U1WjFLbDJMbFp3NDZBZ0l5Q0VkZjRoVVFNd0thTmxNcGJVMjZrNkFKRkhaeWdNcjI5R3ROajJja2ZBdDRHQXliWmxWajdrSVhlQ0dIbHZmcExaSUlBOG93ZDd2dUhuMWJKY04xZG9rMjRKekVyZUFWX2taZm9XTlkyNklFY1IwU2loNktiWVpHdVdzaTNIVk9uempRYXc?oc=5\" target=\"_blank\" rel=\"nofollow noopener\">Arsenic, pesticides, aflatoxines : peut-on encore manger du riz ?<\/a>&nbsp;&nbsp;RTL.fr<\/li>\n<li><a href=\"https:\/\/news.google.com\/rss\/articles\/CBMieEFVX3lxTE5XRS1nQjFMNG5QUFR0UEJvdW1MVXlGendVbkxyZDVQdzljYmY2NDlTbkRBSTl5TE5UZ0cyNjZmLWhnVWdPNi03SXQwa3dzbDJ2NmJTWjljZzhhcnFRXzJPVUFrdDdlZkF0YW9wS2I1bU80QTVzQ24wbQ?oc=5\" target=\"_blank\" rel=\"nofollow noopener\">L\u2019aliment le plus consomm\u00e9 au monde bient\u00f4t d\u00e9clar\u00e9 toxique ?<\/a>&nbsp;&nbsp;Be Magazine<\/li>\n<li><a href=\"https:\/\/news.google.com\/rss\/articles\/CBMi8AFBVV95cUxOVE5KamYyRXNEM1BmMW5Cc2xjdFBrOTZycDBIanBfdUlFS3dkQUVzNXQtbG9mcFJCSnVEQzNkZkRGOEJHczVweW85UEMxSThxTUl6dWhOdjBmeDBHWU90N2RrY2ktRW14V3hTbmpZZktZWVRYTFl2dDdhNDlFR3U2ZGVfaW11NVBWc2gwY0RBUXJnM3gyNEx0Y0JRS1FucVZDNFY5QmtoaURYd0lzWlhhUS02dW5RNFV2eTlSUXdvWW1OdGRjaUFwQ2VWY1IwbWlSN1QzSXNXbks0YWtnZjNQTG9ua1BCa24tWUgzSGdfbWI?oc=5\" target=\"_blank\" rel=\"nofollow noopener\">Une di\u00e9t\u00e9ticienne recommande d&rsquo;\u00e9viter ces 3 types de riz, dans un objectif sant\u00e9<\/a>&nbsp;&nbsp;Top Sant\u00e9<\/li>\n<li><a href=\"https:\/\/news.google.com\/rss\/articles\/CBMi2gFBVV95cUxQbEs3OXNCQnZMVnU5VFZuZjM2ZWF6REpuT3dnbjBGZTBhT3NaQk05Qm1oWDhYaGVwdU53bm10VFB3clE3V2RPZDVRdXV5UGFVVHhLMnlEMHZPekFEOTNtOHNFZFVQSTdHNW1DRWV3ZldkRnFBZ3d3NkF0b3UxQmV6TElKTklSNUMyNjJTdTZLdkp1RkkxNEtWSlZsTmt3MURCRlhIeUNpaGZFaDNnWFhVU1dkUmpuYjhMOVVmeF9NVFR5NUpaS1o0ODRES1p1SlRjUnVpNE1Iam1WZ9IB3wFBVV95cUxPZFJHbVN1NmdyMXNGaDVtMHFVWGhoSjFYSFFiUXpoOEdMWGpXQXJOenBlaDdlSzFIZF9pUTM4X1BGNFF1Z09kcGQ0ZkN6anYxbGtBaC1XWkZvSFMzN0l0NngxQ2p6NnFWOXVRQmdiNzRKZkFaWlZmVTRqUHVodlprMzdFZTdEMW1uWVVMcWM0SVV1RFp6VDdac0EwV1JJQ19xOWlucGJrUnhFTWlZRktTamdYbVJzUDd1RG04ZXJnZlQ1UUtCTmlObTNiV1dpYUo3Yk8tR19WSUFuTkhYeXk0?oc=5\" target=\"_blank\" rel=\"nofollow noopener\">Amazon.com est poursuivi pour la vente pr\u00e9sum\u00e9e de riz contamin\u00e9<\/a>&nbsp;&nbsp;Boursorama<\/li>\n<li><a href=\"https:\/\/news.google.com\/rss\/articles\/CBMiugFBVV95cUxQdE12Mk95bE9EUVE0R2hqazVBSS1vV0I4OVRyYWVjMmp2bnF4cHZFSEpZbktGVkZVbENsSXBDR2hYRkI1dEdkcW5ncGFHMnVWUGFmTWlCU0ZKYWZXZWZCMDQwWGJ2d3BDV1hwaXdBZmJwMlVtNUREeUJYcEQ4RGxobXY4NTE2VUVtaWRDSG0yRjZENkZVbEZhME9heFAzRjdPZ2E2dzdTemNoSWduY1RWcEVpd3NsdEZwTkE?oc=5\" target=\"_blank\" rel=\"nofollow noopener\">Amazon.com est poursuivi pour la vente pr\u00e9sum\u00e9e de riz contamin\u00e9.<\/a>&nbsp;&nbsp;Zonebourse<\/li>\n<\/ol>\n","protected":false},"excerpt":{"rendered":"Arsenic, pesticides, aflatoxines : peut-on encore manger du riz ?&nbsp;&nbsp;RTL.fr L\u2019aliment le plus consomm\u00e9 au monde bient\u00f4t d\u00e9clar\u00e9&hellip;\n","protected":false},"author":2,"featured_media":131293,"comment_status":"","ping_status":"","sticky":false,"template":"","format":"standard","meta":{"footnotes":""},"categories":[10],"tags":[258,130,107,1011,27,72,71],"class_list":{"0":"post-131292","1":"post","2":"type-post","3":"status-publish","4":"format-standard","5":"has-post-thumbnail","7":"category-sante","8":"tag-alimentation","9":"tag-consommation","10":"tag-fil-info","11":"tag-fr","12":"tag-france","13":"tag-health","14":"tag-sante"},"share_on_mastodon":{"url":"https:\/\/pubeurope.com\/@fr\/114578770093627148","error":""},"_links":{"self":[{"href":"https:\/\/www.europesays.com\/fr\/wp-json\/wp\/v2\/posts\/131292","targetHints":{"allow":["GET"]}}],"collection":[{"href":"https:\/\/www.europesays.com\/fr\/wp-json\/wp\/v2\/posts"}],"about":[{"href":"https:\/\/www.europesays.com\/fr\/wp-json\/wp\/v2\/types\/post"}],"author":[{"embeddable":true,"href":"https:\/\/www.europesays.com\/fr\/wp-json\/wp\/v2\/users\/2"}],"replies":[{"embeddable":true,"href":"https:\/\/www.europesays.com\/fr\/wp-json\/wp\/v2\/comments?post=131292"}],"version-history":[{"count":0,"href":"https:\/\/www.europesays.com\/fr\/wp-json\/wp\/v2\/posts\/131292\/revisions"}],"wp:featuredmedia":[{"embeddable":true,"href":"https:\/\/www.europesays.com\/fr\/wp-json\/wp\/v2\/media\/131293"}],"wp:attachment":[{"href":"https:\/\/www.europesays.com\/fr\/wp-json\/wp\/v2\/media?parent=131292"}],"wp:term":[{"taxonomy":"category","embeddable":true,"href":"https:\/\/www.europesays.com\/fr\/wp-json\/wp\/v2\/categories?post=131292"},{"taxonomy":"post_tag","embeddable":true,"href":"https:\/\/www.europesays.com\/fr\/wp-json\/wp\/v2\/tags?post=131292"}],"curies":[{"name":"wp","href":"https:\/\/api.w.org\/{rel}","templated":true}]}}