{"id":131304,"date":"2025-05-27T08:13:09","date_gmt":"2025-05-27T08:13:09","guid":{"rendered":"https:\/\/www.europesays.com\/fr\/131304\/"},"modified":"2025-05-27T08:13:09","modified_gmt":"2025-05-27T08:13:09","slug":"francois-bayrou-va-demander-un-effort-a-tous-les-francais-pour-retablir-les-comptes","status":"publish","type":"post","link":"https:\/\/www.europesays.com\/fr\/131304\/","title":{"rendered":"Fran\u00e7ois Bayrou va demander \u00abun effort\u00bb \u00e0 tous les Fran\u00e7ais pour r\u00e9tablir les comptes"},"content":{"rendered":"<p>Le premier ministre compte pr\u00e9senter un plan budg\u00e9taire avant le 14 juillet prochain, \u00abde mani\u00e8re transparente\u00bb.<\/p>\n<p class=\"fig-paragraph\">Le premier ministre durcit le ton ce mardi matin. Alors que la Cour des comptes a de nouveau tir\u00e9 la sonnette d\u2019alarme sur la gestion des comptes de la S\u00e9curit\u00e9 sociale, et que les alertes se multiplient sur le budget de l\u2019Hexagone, Fran\u00e7ois Bayrou a martel\u00e9, sur RMC-BFMTV, sa volont\u00e9 sa reprendre le contr\u00f4le des d\u00e9penses tricolores. Et exprim\u00e9 son espoir que les Fran\u00e7ais soutiendront ses initiatives, pr\u00e9sent\u00e9es dans quelques semaines.<\/p>\n<p class=\"fig-paragraph\">Interrog\u00e9 sur l\u2019exemple des \u00e9conomies, pourtant limit\u00e9es, demand\u00e9es aux taxis sur les transports sanitaires &#8211; une piste \u00e0 l\u2019origine d\u2019une mobilisation forte de la profession, depuis la semaine derni\u00e8re -, le chef du gouvernement s\u2019est montr\u00e9 optimiste. Les d\u00e9penses seront r\u00e9duites gr\u00e2ce \u00e0 une m\u00e9thode de discussion associant les taxis, a-t-il affirm\u00e9, se disant m\u00eame \u00abpersuad\u00e9 qu\u2019on peut faire mieux, qu\u2019on peut atteindre des \u00e9conomies plus substantielles encore\u00bb.<\/p>\n<p class=\"fig-paragraph\">Plus largement, Fran\u00e7ois Bayrou compte bien remettre les comptes d\u2019\u00e9querre, en s\u2019attaquant notamment \u00e0 \u00abl\u2019Himalaya\u00bb des d\u00e9penses publiques, comme il l\u2019avait promis lors de son arriv\u00e9e \u00e0 Matignon. Pour y parvenir, le chef du gouvernement envisage de demander \u00abun effort \u00e0 tous les Fran\u00e7ais, sans exception\u00bb. Pour l\u2019heure, les mesures restent impr\u00e9cises\u00a0: elles seront d\u00e9taill\u00e9es dans quelques semaines, a promis le maire de Pau, dans un \u00abplan pr\u00e9sent\u00e9 avant le 14 juillet par le gouvernement\u00bb.<\/p>\n<p class=\"fig-paragraph\">Il s\u2019agira ainsi \u00abd\u2019un plan \u00e0 l\u2019\u00e9quilibre pour tous les Fran\u00e7ais\u00bb, qui sera pr\u00e9sent\u00e9 \u00abde mani\u00e8re transparente\u00bb. \u00abC\u2019est sans pr\u00e9c\u00e9dent, d\u2019habitude le budget est pr\u00e9sent\u00e9 au mois de septembre, a not\u00e9 le premier ministre. Nous avons d\u00e9cid\u00e9 de prendre de l\u2019avance sur le calendrier pour que tout le pays r\u00e9fl\u00e9chisse car on ne peut pas en rester l\u00e0\u00bb, a-t-il ensuite ajout\u00e9.<\/p>\n<p class=\"fig-body-link\">\n            \u00c0 lire aussi<br \/>\n        <a class=\"fig-body-link__link fig-premium-mark\" href=\"http:\/\/www.lefigaro.fr\/politique\/taxis-agriculteurs-francois-bayrou-tente-de-desamorcer-les-coleres-20250525\" data-fig-type=\"Article\" data-gtm-custom-categorie=\"navigation\" data-gtm-custom-action=\"crossclick\" data-gtm-custom-label=\"Contextuel\" data-gtm-event=\"customEventSPE\" data-fig-domain=\"LEFIGARO\" target=\"_blank\" rel=\"noopener\">Taxis, agriculteurs\u00a0: Fran\u00e7ois Bayrou tente de d\u00e9samorcer les col\u00e8res<br \/>\n    <\/a>\n<\/p>\n<p class=\"fig-paragraph\">\u00abJe cherche la prise de conscience des Fran\u00e7ais\u00bb, s\u2019est justifi\u00e9 le chef du gouvernement, pour qui il serait \u00abirresponsable, scandaleux et une tra\u00eetrise de l\u2019int\u00e9r\u00eat du pays qu\u2019on en reste \u00e0 la situation actuelle\u00bb. En 2024, le d\u00e9ficit public s\u2019est \u00e9lev\u00e9 \u00e0 5,8% du PIB et la dette publique \u00e0 113% du PIB, soit 3305,3 milliards d\u2019euros. \u00abUn pays comme le n\u00f4tre ne devrait pas d\u00e9penser plus que la croissance\u00bb, a donc conclu Fran\u00e7ois Bayrou.<\/p>\n","protected":false},"excerpt":{"rendered":"Le premier ministre compte pr\u00e9senter un plan budg\u00e9taire avant le 14 juillet prochain, \u00abde mani\u00e8re transparente\u00bb. Le premier&hellip;\n","protected":false},"author":2,"featured_media":131305,"comment_status":"","ping_status":"","sticky":false,"template":"","format":"standard","meta":{"footnotes":""},"categories":[2],"tags":[339,11,340,1003,343,345,350,130,344,352,349,33,341,313,1011,27,431,346,342,353,351,347,12,348,354],"class_list":{"0":"post-131304","1":"post","2":"type-post","3":"status-publish","4":"format-standard","5":"has-post-thumbnail","7":"category-actualites","8":"tag-actualite-economique","9":"tag-actualites","10":"tag-bourse","11":"tag-budget","12":"tag-cac-40","13":"tag-chef-dentreprise","14":"tag-concurrence","15":"tag-consommation","16":"tag-creation-dentreprise","17":"tag-crise","18":"tag-delocalisations","19":"tag-economie","20":"tag-emploi","21":"tag-entreprises","22":"tag-fr","23":"tag-france","24":"tag-francois-bayrou","25":"tag-grands-patrons","26":"tag-impots","27":"tag-licenciements","28":"tag-monopole","29":"tag-multinationales","30":"tag-news","31":"tag-privatisation","32":"tag-unio"},"share_on_mastodon":{"url":"https:\/\/pubeurope.com\/@fr\/114578797563925422","error":""},"_links":{"self":[{"href":"https:\/\/www.europesays.com\/fr\/wp-json\/wp\/v2\/posts\/131304","targetHints":{"allow":["GET"]}}],"collection":[{"href":"https:\/\/www.europesays.com\/fr\/wp-json\/wp\/v2\/posts"}],"about":[{"href":"https:\/\/www.europesays.com\/fr\/wp-json\/wp\/v2\/types\/post"}],"author":[{"embeddable":true,"href":"https:\/\/www.europesays.com\/fr\/wp-json\/wp\/v2\/users\/2"}],"replies":[{"embeddable":true,"href":"https:\/\/www.europesays.com\/fr\/wp-json\/wp\/v2\/comments?post=131304"}],"version-history":[{"count":0,"href":"https:\/\/www.europesays.com\/fr\/wp-json\/wp\/v2\/posts\/131304\/revisions"}],"wp:featuredmedia":[{"embeddable":true,"href":"https:\/\/www.europesays.com\/fr\/wp-json\/wp\/v2\/media\/131305"}],"wp:attachment":[{"href":"https:\/\/www.europesays.com\/fr\/wp-json\/wp\/v2\/media?parent=131304"}],"wp:term":[{"taxonomy":"category","embeddable":true,"href":"https:\/\/www.europesays.com\/fr\/wp-json\/wp\/v2\/categories?post=131304"},{"taxonomy":"post_tag","embeddable":true,"href":"https:\/\/www.europesays.com\/fr\/wp-json\/wp\/v2\/tags?post=131304"}],"curies":[{"name":"wp","href":"https:\/\/api.w.org\/{rel}","templated":true}]}}