{"id":131312,"date":"2025-05-27T08:19:08","date_gmt":"2025-05-27T08:19:08","guid":{"rendered":"https:\/\/www.europesays.com\/fr\/131312\/"},"modified":"2025-05-27T08:19:08","modified_gmt":"2025-05-27T08:19:08","slug":"a-quelle-heure-et-sur-quelle-chaine-regarder-le-choc-au-sommet-du-top-14","status":"publish","type":"post","link":"https:\/\/www.europesays.com\/fr\/131312\/","title":{"rendered":"\u00e0 quelle heure et sur quelle cha\u00eene regarder le choc au sommet du Top 14"},"content":{"rendered":"<p>En cl\u00f4ture de la 25e journ\u00e9e de championnat, le RCT accueille le vainqueur de la Champions Cup dans une rencontre d\u00e9cisive pour l\u2019attribution de la 2e place.<\/p>\n<p class=\"fig-paragraph\">Qui pour accompagner le Stade Toulousain en demi-finale et sauter la case barrages\u00a0? La place de dauphin du champion de France en titre se joue entre le RCT, 3e avec 68 points, et l\u2019UBB, 2e avec cinq points d\u2019avance. \u00c0 deux journ\u00e9es de la fin de la saison r\u00e9guli\u00e8re, l\u2019affrontement des deux pr\u00e9tendants au stade Mayol s\u2019annonce donc d\u00e9terminant.<\/p>\n<p class=\"fig-paragraph\">Pour les Toulonnais, la d\u00e9faite est interdite sous peine de filer en barrages. Et Pierre Mignoni attend un sursaut de ses joueurs qui viennent de conc\u00e9der trois d\u00e9faites d\u2019affil\u00e9e en Top 14. Sa t\u00e2che sera probablement facilit\u00e9e par la composition d\u2019\u00e9quipe c\u00f4t\u00e9 UBB.<\/p>\n<p>L\u2019UBB sans ses champions d\u2019Europe<\/p>\n<p class=\"fig-paragraph\">Entre<a href=\"http:\/\/www.lefigaro.fr\/sports\/rugby\/coupe-d-europe\/c-est-un-premier-objectif-d-atteint-bordeaux-begles-une-jeune-union-qui-fait-force-20250525\" data-fig-type=\"Article\" data-gtm-custom-categorie=\"navigation\" data-gtm-custom-action=\"crossclick\" data-gtm-custom-label=\"Contextuel\" data-gtm-event=\"customEventSPE\" data-fig-domain=\"LEFIGARO\" target=\"_blank\" rel=\"noopener\">\u00a0la finale de Champions Cup<\/a>\u00a0\u00e9nergivore et\u00a0<a href=\"http:\/\/www.lefigaro.fr\/sports\/rugby\/coupe-d-europe\/lors-des-celebrations-du-titre-un-joueur-de-l-ubb-annonce-sa-candidature-a-la-mairie-de-bordeaux-video-20250526\" data-fig-type=\"NewsFlash\" data-gtm-custom-categorie=\"navigation\" data-gtm-custom-action=\"crossclick\" data-gtm-custom-label=\"Contextuel\" data-gtm-event=\"customEventSPE\" data-fig-domain=\"LEFIGARO\" target=\"_blank\" rel=\"noopener\">les festivit\u00e9s du titre\u00a0<\/a>qui ont dur\u00e9 quelques jours, Yannick Bru va se passer de la plupart de ses champions d\u2019Europe pour ce d\u00e9placement, et tant pis si les Bordelais coincent \u00e9galement en championnat ces derni\u00e8res semaines (2 d\u00e9faites lors des 3 derniers matchs).<\/p>\n<p class=\"fig-paragraph\">Le coup d\u2019envoi de ce choc de haut de tableau, qui cl\u00f4turera la 25e journ\u00e9e de Top 14, sera donn\u00e9 dimanche \u00e0 21h05. Une rencontre \u00e0 suivre sur Canal + et en direct comment\u00e9 sur le site du Figaro.fr.<\/p>\n","protected":false},"excerpt":{"rendered":"En cl\u00f4ture de la 25e journ\u00e9e de championnat, le RCT accueille le vainqueur de la Champions Cup dans&hellip;\n","protected":false},"author":2,"featured_media":131313,"comment_status":"","ping_status":"","sticky":false,"template":"","format":"standard","meta":{"footnotes":""},"categories":[9619],"tags":[1111,11,525,4590,1981,2313,814,1777,674,1011,27,955,12,4589,882,2311,3461,25,1980,479,10405,2259,478,2310,2312,4364],"class_list":{"0":"post-131312","1":"post","2":"type-post","3":"status-publish","4":"format-standard","5":"has-post-thumbnail","7":"category-toulon","8":"tag-actu","9":"tag-actualites","10":"tag-calendrier","11":"tag-championnat-france","12":"tag-classement","13":"tag-clermont","14":"tag-direct","15":"tag-eu","16":"tag-europe","17":"tag-fr","18":"tag-france","19":"tag-match","20":"tag-news","21":"tag-phase-finale","22":"tag-provence-alpes-cote-dazur","23":"tag-racing","24":"tag-rct","25":"tag-republique-francaise","26":"tag-resultats","27":"tag-rugby","28":"tag-rugby-club-toulonnais","29":"tag-score","30":"tag-top-14","31":"tag-toulon","32":"tag-toulouse","33":"tag-ubb"},"share_on_mastodon":{"url":"https:\/\/pubeurope.com\/@fr\/114578821201391897","error":""},"_links":{"self":[{"href":"https:\/\/www.europesays.com\/fr\/wp-json\/wp\/v2\/posts\/131312","targetHints":{"allow":["GET"]}}],"collection":[{"href":"https:\/\/www.europesays.com\/fr\/wp-json\/wp\/v2\/posts"}],"about":[{"href":"https:\/\/www.europesays.com\/fr\/wp-json\/wp\/v2\/types\/post"}],"author":[{"embeddable":true,"href":"https:\/\/www.europesays.com\/fr\/wp-json\/wp\/v2\/users\/2"}],"replies":[{"embeddable":true,"href":"https:\/\/www.europesays.com\/fr\/wp-json\/wp\/v2\/comments?post=131312"}],"version-history":[{"count":0,"href":"https:\/\/www.europesays.com\/fr\/wp-json\/wp\/v2\/posts\/131312\/revisions"}],"wp:featuredmedia":[{"embeddable":true,"href":"https:\/\/www.europesays.com\/fr\/wp-json\/wp\/v2\/media\/131313"}],"wp:attachment":[{"href":"https:\/\/www.europesays.com\/fr\/wp-json\/wp\/v2\/media?parent=131312"}],"wp:term":[{"taxonomy":"category","embeddable":true,"href":"https:\/\/www.europesays.com\/fr\/wp-json\/wp\/v2\/categories?post=131312"},{"taxonomy":"post_tag","embeddable":true,"href":"https:\/\/www.europesays.com\/fr\/wp-json\/wp\/v2\/tags?post=131312"}],"curies":[{"name":"wp","href":"https:\/\/api.w.org\/{rel}","templated":true}]}}