{"id":131314,"date":"2025-05-27T08:20:08","date_gmt":"2025-05-27T08:20:08","guid":{"rendered":"https:\/\/www.europesays.com\/fr\/131314\/"},"modified":"2025-05-27T08:20:08","modified_gmt":"2025-05-27T08:20:08","slug":"et-vous-que-pensez-vous-vraiment-de-la-place-du-velo-dans-votre-commune","status":"publish","type":"post","link":"https:\/\/www.europesays.com\/fr\/131314\/","title":{"rendered":"et vous, que pensez-vous vraiment de la place du v\u00e9lo dans votre commune\u00a0?"},"content":{"rendered":"<p>            Par<br \/>\n        <strong><br \/>\n            <a href=\"https:\/\/actu.fr\/auteur\/metropoop\" title=\"Consulter tous les articles de R\u00e9daction M\u00e9tropolitain\" target=\"_blank\" rel=\"noopener\">R\u00e9daction M\u00e9tropolitain<\/a><br \/>\n        <\/strong><\/p>\n<p>        Publi\u00e9 le<\/p>\n<p>            27 mai 2025 \u00e0 9h46        <\/p>\n<p><a href=\"https:\/\/www.barometre-velo.fr\" target=\"_blank\" rel=\"noopener\">La campagne 2025 du Barom\u00e8tre des villes cyclables<\/a> bat son plein. D\u00e9j\u00e0 3 432 habitants de Montpellier ont r\u00e9pondu \u00e0 l\u2019enqu\u00eate. Un chiffre impressionnant qui place la ville en troisi\u00e8me position nationale, juste derri\u00e8re Paris et Lyon. Cette mobilisation refl\u00e8te une tendance plus large : le v\u00e9lo s\u2019impose peu \u00e0 peu comme un moyen de transport du quotidien. La F\u00e9d\u00e9ration des usagers de la bicyclette (FUB), \u00e0 l\u2019origine de cette initiative, encourage tous les citoyens \u00e0 participer, cyclistes ou non. L\u2019objectif : \u00e9valuer le ressenti dans chaque commune et orienter les politiques locales. L\u2019enqu\u00eate est ouverte jusqu\u2019\u00e0 <strong>ce lundi 2 juin 2025<\/strong>.<\/p>\n<p class=\" wall-content\">C\u2019est une premi\u00e8re. Les 31 communes de la M\u00e9tropole de Montpellier ont atteint le seuil minimum de r\u00e9ponses, fix\u00e9 \u00e0 30 participants par ville, pour valider leur participation. Ce chiffre n\u2019avait jamais \u00e9t\u00e9 atteint auparavant. Certaines de ces communes avaient d\u00e9j\u00e0 montr\u00e9 l\u2019exemple. En 2021,<strong> Jacou<\/strong> avait obtenu la meilleure note cyclable de la M\u00e9tropole avec 3,91 sur 6. La commune s\u2019\u00e9tait alors hiss\u00e9e entre Marseillan et M\u00e8ze, formant le trio de t\u00eate dans l\u2019H\u00e9rault.<\/p>\n<p>Une progression mesur\u00e9e mais encourageante<\/p>\n<p class=\" wall-content\">Le barom\u00e8tre, organis\u00e9 tous les deux ans, sert \u00e0 dresser un \u00e9tat des lieux d\u00e9taill\u00e9 des politiques cyclables \u00e0 l\u2019\u00e9chelle nationale. \u00c0 Montpellier, il a d\u00e9j\u00e0 permis de mesurer des progr\u00e8s notables. En 2019, la ville n\u2019obtenait qu\u2019un modeste 2,48. Deux ans plus tard, elle atteignait 3,05, port\u00e9e par un effort d\u2019\u2019am\u00e9nagements cyclables. Ce qui fait la force de cette enqu\u00eate, c\u2019est son ouverture. \u00ab\u00a0Que vous soyez cycliste r\u00e9gulier, occasionnel ou m\u00eame non-cycliste, votre ressenti compte.\u00a0\u00bb La phrase figure en haut du site du Barom\u00e8tre et r\u00e9sume \u00e0 elle seule l\u2019ambition du projet.<\/p>\n<p><strong>&gt;<\/strong> Participez \u00e0 l\u2019enqu\u00eate et <a href=\"https:\/\/www.barometre-velo.fr\/go.php\" target=\"_blank\" rel=\"noopener\">donnez votre avis sur la pratique du v\u00e9lo dans votre commune<\/a><\/p>\n<p class=\" wall-content\">Suivez toute l\u2019actualit\u00e9 de vos villes et m\u00e9dias favoris en vous inscrivant \u00e0 <a href=\"https:\/\/moncompte.actu.fr\" title=\"D\u00e9couvez Mon Actu\" rel=\"nofollow noopener\" data-trk=\"{&quot;cta&quot;:{&quot;action&quot;:&quot;https:\\\/\\\/moncompte.actu.fr&quot;,&quot;category&quot;:&quot;mon compte&quot;,&quot;from&quot;:&quot;article footer&quot;,&quot;name&quot;:&quot;Mon actu&quot;,&quot;type&quot;:&quot;cta&quot;}}\" target=\"_blank\">Mon Actu<\/a>.<\/p>\n","protected":false},"excerpt":{"rendered":"Par R\u00e9daction M\u00e9tropolitain Publi\u00e9 le 27 mai 2025 \u00e0 9h46 La campagne 2025 du Barom\u00e8tre des villes cyclables&hellip;\n","protected":false},"author":2,"featured_media":131315,"comment_status":"","ping_status":"","sticky":false,"template":"","format":"standard","meta":{"footnotes":""},"categories":[9599],"tags":[1111,11,15141,1777,674,1011,27,2208,12,2680,52,25,208],"class_list":{"0":"post-131314","1":"post","2":"type-post","3":"status-publish","4":"format-standard","5":"has-post-thumbnail","7":"category-montpellier","8":"tag-actu","9":"tag-actualites","10":"tag-ecomobilite","11":"tag-eu","12":"tag-europe","13":"tag-fr","14":"tag-france","15":"tag-montpellier","16":"tag-news","17":"tag-occitanie","18":"tag-planete","19":"tag-republique-francaise","20":"tag-velo"},"share_on_mastodon":{"url":"https:\/\/pubeurope.com\/@fr\/114578825260397807","error":""},"_links":{"self":[{"href":"https:\/\/www.europesays.com\/fr\/wp-json\/wp\/v2\/posts\/131314","targetHints":{"allow":["GET"]}}],"collection":[{"href":"https:\/\/www.europesays.com\/fr\/wp-json\/wp\/v2\/posts"}],"about":[{"href":"https:\/\/www.europesays.com\/fr\/wp-json\/wp\/v2\/types\/post"}],"author":[{"embeddable":true,"href":"https:\/\/www.europesays.com\/fr\/wp-json\/wp\/v2\/users\/2"}],"replies":[{"embeddable":true,"href":"https:\/\/www.europesays.com\/fr\/wp-json\/wp\/v2\/comments?post=131314"}],"version-history":[{"count":0,"href":"https:\/\/www.europesays.com\/fr\/wp-json\/wp\/v2\/posts\/131314\/revisions"}],"wp:featuredmedia":[{"embeddable":true,"href":"https:\/\/www.europesays.com\/fr\/wp-json\/wp\/v2\/media\/131315"}],"wp:attachment":[{"href":"https:\/\/www.europesays.com\/fr\/wp-json\/wp\/v2\/media?parent=131314"}],"wp:term":[{"taxonomy":"category","embeddable":true,"href":"https:\/\/www.europesays.com\/fr\/wp-json\/wp\/v2\/categories?post=131314"},{"taxonomy":"post_tag","embeddable":true,"href":"https:\/\/www.europesays.com\/fr\/wp-json\/wp\/v2\/tags?post=131314"}],"curies":[{"name":"wp","href":"https:\/\/api.w.org\/{rel}","templated":true}]}}