{"id":13132,"date":"2025-04-09T17:06:17","date_gmt":"2025-04-09T17:06:17","guid":{"rendered":"https:\/\/www.europesays.com\/fr\/13132\/"},"modified":"2025-04-09T17:06:17","modified_gmt":"2025-04-09T17:06:17","slug":"a-marseille-un-debat-enflamme-sur-la-reforme-du-mode-de-scrutin-liberation","status":"publish","type":"post","link":"https:\/\/www.europesays.com\/fr\/13132\/","title":{"rendered":"\u00e0 Marseille, un d\u00e9bat enflamm\u00e9 sur la r\u00e9forme du mode de scrutin \u2013 Lib\u00e9ration"},"content":{"rendered":"<p class=\"sc-cPiKLX AiZTS text-element\">C\u2019est le seul des concern\u00e9s qui applaudit. Le maire de Marseille Beno\u00eet Payan (divers gauche) suit avec attention les rebondissements de la proposition de loi dite PLM, visant \u00e0 r\u00e9former les r\u00e8gles particuli\u00e8res du scrutin municipal en vigueur \u00e0 Paris, Lyon et Marseille, pour les aligner sur le droit commun. Depuis des mois que le sujet tra\u00eene, suscitant des <a href=\"https:\/\/www.liberation.fr\/politique\/reforme-des-modes-de-scrutin-a-paris-lyon-et-marseille-un-projet-qui-divise-aussi-la-gauche-20250407_GOMRVJPUQBAKTGSUHSR3LHYDDU\/?redirected=1\" target=\"_blank\" rel=\"noopener\">avis partag\u00e9s au sein m\u00eame des formations politiques<\/a>, le Marseillais a d\u00e9j\u00e0 fait plusieurs fois le voyage \u00e0 Paris pour plaider sa position, invariable : un homme, une voix, soit \u00abun retour au droit commun\u00bb avec un scrutin direct et non par secteurs, comme dans les 36 000 autres communes de France.<\/p>\n<p class=\"sc-cPiKLX AiZTS text-element\">Un avis \u00e0 rebours de ses <a href=\"https:\/\/www.liberation.fr\/politique\/municipales-anne-hidalgo-met-francois-bayrou-en-pls-sur-la-loi-plm-20250218_3FGOY5XJJJEY3JLTL2LDR5V7UQ\/\" target=\"_blank\" rel=\"noopener\">homologues parisien<\/a> et lyonnais, qui eux fustigent une loi ficel\u00e9e dans la pr\u00e9cipitation et un calendrier inappropri\u00e9. L\u2019usage voulant qu\u2019une loi \u00e9lectorale ne change pas dans l\u2019ann\u00e9e pr\u00e9c\u00e9dant l\u2019\u00e9lection \u2013 pr\u00e9vue en mars 2026. \u00abQu\u2019est-ce qu\u2019il y a de compliqu\u00e9 \u00e0 faire comme tout le monde ?\u00bb, leur r\u00e9torque l\u2019\u00e9lu marseillais, qui rappelle que la loi de 1983 instaurant PLM avait, elle, \u00e9t\u00e9 vot\u00e9e deux mois avant le scrutin. Et pas dans n\u2019importe quelle circonstance, rappelle-t-il : le maire de Marseille d\u2019alors, le socialiste Gaston Defferre, \u00e9galement ministre de l\u2019Int\u00e9rieur, s\u2019\u00e9tait ainsi assur\u00e9 un d\u00e9coupage de secteurs favorable lui permettant de rempiler pour un sixi\u00e8me mandat. \u00abCette loi a \u00e9t\u00e9 faite pour permettre \u00e0 quelqu\u2019un de gagner en faisant moins de voix, tranche quarante ans plus tard Beno\u00eet Payan. Pour la d\u00e9mocratie fran\u00e7aise, ce n\u2019est pas glorieux et on l\u2019oublie\u2026\u00bb<\/p>\n<p class=\"sc-cPiKLX AiZTS text-element\">Le plaidoyer fait d\u00e9goupiller Renaud Muselier, pr\u00e9sident (Renaissance) de la r\u00e9gion Provence-Alpes-C\u00f4te d\u2019Azur : \u00abCe n\u2019est plus arriv\u00e9 depuis ! Et jamais on n\u2019a contest\u00e9 l\u2019\u00e9lection des maires dans les communes concern\u00e9es\u00bb, fustige le grand \u00e9lu. C\u2019est lui qui, depuis des semaines, m\u00e8ne la charge sudiste, jusque dans les rangs de son parti, pour dire <a href=\"https:\/\/www.liberation.fr\/politique\/renaud-muselier-denonce-la-connerie-politique-de-vouloir-reformer-maintenant-le-mode-de-scrutin-a-paris-lyon-et-marseille-20250204_YQG4LXTXX5AHDANFGPTWU2REXE\/\" target=\"_blank\" rel=\"noopener\">tout le mal qu\u2019il pense de ce \u00abtripatouillage \u00e9lectoral\u00bb<\/a>. Une proposition de loi \u00abmal n\u00e9e, mal embarqu\u00e9e\u00bb \u00e9num\u00e8re-t-il ce mardi encore, reprenant les arguments d\u00e9velopp\u00e9s dans une tribune publi\u00e9e d\u00e9but f\u00e9vrier dans la Tribune Dimanche et cosign\u00e9e par Martine Vassal, t\u00eate de liste marseillaise de la droite en 2020, aujourd\u2019hui elle aussi ralli\u00e9e au camp pr\u00e9sidentiel.<\/p>\n<p class=\"sc-cPiKLX AiZTS text-element\">Cette posture, il l\u2019a aussi d\u00e9fendue aupr\u00e8s du bureau national de Renaissance, en vain. \u00abPersonne n\u2019est d\u2019accord dans les partis, ni dans les villes concern\u00e9es, aucun conseil municipal n\u2019a \u00e9t\u00e9 concert\u00e9, s\u2019\u00e9nerve-t-il encore. Faire \u00e7a \u00e0 la hussarde sans traiter le fond, \u00e0 un an de l\u2019\u00e9ch\u00e9ance, si c\u2019est pas du tripatouillage\u2026 Et voil\u00e0 qu\u2019il est question, maintenant, d\u2019enlever Lyon de la r\u00e9forme !\u00bb Le d\u00e9put\u00e9 Modem Jean-Paul Mattei entend en effet d\u00e9poser un amendement en ce sens, pour cause de complexit\u00e9 organisationnelle. \u00abS\u2019ils sortent Lyon, qu\u2019ils sortent Marseille !\u00bb, renvoie Renaud Muselier, vent debout. Car selon lui, la man\u0153uvre n\u2019aurait \u00e9t\u00e9 lanc\u00e9e qu\u2019au profit exclusif des \u00abParisiens\u00bb du mouvement pr\u00e9sidentiel, qui en attendraient une configuration plus favorable pour rafler la capitale \u00e0 la gauche, quitte \u00e0 \u00ablaisser crever Marseille\u00bb.<\/p>\n<p class=\"sc-cPiKLX AiZTS text-element\">De fait, la r\u00e9forme n\u2019arrange pas vraiment les affaires du centre droit marseillais, cantonn\u00e9 \u00e0 l\u2019opposition depuis la cuisante d\u00e9faite de 2020. La fin du vote par secteurs priverait les troupes locales de \u00abl\u2019effet baronnies\u00bb, qui avait permis aux troupes de <a href=\"https:\/\/www.liberation.fr\/france\/2020\/01\/27\/jean-claude-gaudin-bonne-chance-a-marseille_1775584\/\" target=\"_blank\" rel=\"noopener\">Jean-Claude Gaudin<\/a> de l\u2019emporter durant vingt-cinq ans en ne misant que sur quelques arrondissements choy\u00e9s. A l\u2019inverse, un vote \u00e0 l\u2019\u00e9chelle de la ville ferait les affaires du Printemps marseillais de Beno\u00eet Payan, noyant dans la masse les ambitions \u00e9lectorales de LFI, en force sur deux secteurs de la ville, et lui \u00e9vitant ainsi d\u2019\u00e2pres n\u00e9gociations lors de l\u2019\u00e9lection du maire par l\u2019h\u00e9micycle, comme ce fut le cas en 2020 avec la liste autonome men\u00e9e par <a href=\"https:\/\/www.liberation.fr\/france\/2020\/06\/30\/a-marseille-samia-ghali-fait-la-pluie-et-le-printemps_1792952\/\" target=\"_blank\" rel=\"noopener\">l\u2019ex-socialiste Samia Ghali<\/a>. \u00abChaque fois qu\u2019on touche au mode de scrutin, derri\u00e8re on perd. Les gens ne comprennent pas et sanctionnent\u00bb plaide encore Renaud Muselier, qui se d\u00e9fend de toute ambition municipale tout en attisant la campagne localement depuis des mois. Un sondage Ifop r\u00e9alis\u00e9 mi-mars pour BFM et la Provence le contredit : 88 % des Marseillais interrog\u00e9s se d\u00e9clarent favorables \u00e0 la r\u00e9forme.<\/p>\n<p class=\"sc-cPiKLX AiZTS text-element\">Il y a un point au moins qui met les Marseillais d\u2019accord : la proposition de loi telle qu\u2019elle est r\u00e9dig\u00e9e m\u00e9rite d\u2019\u00eatre s\u00e9rieusement amend\u00e9e. Deux socialistes sudistes, le d\u00e9put\u00e9 marseillais Laurent Lhardit et l\u2019Aixois Marc Pena, porteront notamment un amendement proposant un bulletin unique regroupant les noms des conseillers municipaux et ceux d\u2019arrondissements, l\u2019actuelle proposition de loi pr\u00e9voyant elle un syst\u00e8me \u00e0 deux urnes. Beno\u00eet Payan, lui, pr\u00f4nant le \u00abz\u00e9ro exception\u00bb, r\u00e9clame que la prime accord\u00e9e \u00e0 la liste arriv\u00e9e en t\u00eate, fix\u00e9e \u00e0 25 % dans le texte soumis \u00e0 l\u2019Assembl\u00e9e, monte \u00e0 50 % comme dans les autres communes fran\u00e7aises. De quoi animer encore le d\u00e9bat, qui devait d\u00e9buter ce mardi 8 avril au soir \u00e0 l\u2019Assembl\u00e9e.<\/p>\n","protected":false},"excerpt":{"rendered":"C\u2019est le seul des concern\u00e9s qui applaudit. Le maire de Marseille Beno\u00eet Payan (divers gauche) suit avec attention&hellip;\n","protected":false},"author":2,"featured_media":13133,"comment_status":"","ping_status":"","sticky":false,"template":"","format":"standard","meta":{"footnotes":""},"categories":[2814],"tags":[1111,11,1777,674,1011,27,2428,884,5945,12,626,882,25],"class_list":{"0":"post-13132","1":"post","2":"type-post","3":"status-publish","4":"format-standard","5":"has-post-thumbnail","7":"category-marseille","8":"tag-actu","9":"tag-actualites","10":"tag-eu","11":"tag-europe","12":"tag-fr","13":"tag-france","14":"tag-lyon","15":"tag-marseille","16":"tag-municipales-elections","17":"tag-news","18":"tag-paris","19":"tag-provence-alpes-cote-dazur","20":"tag-republique-francaise"},"share_on_mastodon":{"url":"https:\/\/pubeurope.com\/@fr\/114309102541969674","error":""},"_links":{"self":[{"href":"https:\/\/www.europesays.com\/fr\/wp-json\/wp\/v2\/posts\/13132","targetHints":{"allow":["GET"]}}],"collection":[{"href":"https:\/\/www.europesays.com\/fr\/wp-json\/wp\/v2\/posts"}],"about":[{"href":"https:\/\/www.europesays.com\/fr\/wp-json\/wp\/v2\/types\/post"}],"author":[{"embeddable":true,"href":"https:\/\/www.europesays.com\/fr\/wp-json\/wp\/v2\/users\/2"}],"replies":[{"embeddable":true,"href":"https:\/\/www.europesays.com\/fr\/wp-json\/wp\/v2\/comments?post=13132"}],"version-history":[{"count":0,"href":"https:\/\/www.europesays.com\/fr\/wp-json\/wp\/v2\/posts\/13132\/revisions"}],"wp:featuredmedia":[{"embeddable":true,"href":"https:\/\/www.europesays.com\/fr\/wp-json\/wp\/v2\/media\/13133"}],"wp:attachment":[{"href":"https:\/\/www.europesays.com\/fr\/wp-json\/wp\/v2\/media?parent=13132"}],"wp:term":[{"taxonomy":"category","embeddable":true,"href":"https:\/\/www.europesays.com\/fr\/wp-json\/wp\/v2\/categories?post=13132"},{"taxonomy":"post_tag","embeddable":true,"href":"https:\/\/www.europesays.com\/fr\/wp-json\/wp\/v2\/tags?post=13132"}],"curies":[{"name":"wp","href":"https:\/\/api.w.org\/{rel}","templated":true}]}}