{"id":131320,"date":"2025-05-27T08:26:08","date_gmt":"2025-05-27T08:26:08","guid":{"rendered":"https:\/\/www.europesays.com\/fr\/131320\/"},"modified":"2025-05-27T08:26:08","modified_gmt":"2025-05-27T08:26:08","slug":"quand-mauricio-reggiardo-evoque-la-grosse-souffrance-de-ses-hommes-apres-la-defaite-face-a-grenoble-la-saison-derniere","status":"publish","type":"post","link":"https:\/\/www.europesays.com\/fr\/131320\/","title":{"rendered":"Quand Mauricio Reggiardo \u00e9voque la grosse souffrance de ses hommes apr\u00e8s la d\u00e9faite face \u00e0 Grenoble la saison derni\u00e8re"},"content":{"rendered":"<p><strong><a href=\"https:\/\/www.laprovence.com\/article\/sports\/295197167245215\/rugby-pro-d2-comment-une-phrase-que-na-jamais-prononce-mauricio-reggiardo-a-mis-en-furie-brive\" target=\"_blank\" rel=\"noopener\">Mauricio Reggiardo<\/a>, quel a \u00e9t\u00e9 votre sentiment apr\u00e8s cette premi\u00e8re victoire en phase finale de Provence\u00a0Rugby et cette nouvelle qualification en demi-finale d\u2019accession\u00a0?<\/strong>&#13;\n<\/p>\n<p>Gagner un match\u00a0de phase finale, le premier dans l\u2019histoire du club, c\u2019\u00e9tait un objectif. Cette saison, nous avons pris un chemin plus compliqu\u00e9 pour nous qualifier en demi-finale. Et je peux vous garantir que ce match-l\u00e0 face \u00e0 Grenoble, nous allons le pr\u00e9parer avec beaucoup d\u2019humilit\u00e9. Parce que nous allons affronter le premier de la phase r\u00e9guli\u00e8re. Ce sera la m\u00eame configuration que la pr\u00e9paration face \u00e0 Angoul\u00eame. Nous n\u2019avons pas du tout anticip\u00e9 la rencontre face aux Is\u00e9rois. L\u2019an dernier, j\u2019avais d\u00e9pens\u00e9 beaucoup d\u2019\u00e9nergie \u00e0 pr\u00e9parer la finale, \u00e0 bloquer l\u2019h\u00f4tel, r\u00e9server le bus pour les familles et il m\u2019a manqu\u00e9 d\u2019\u00e9nergie pour pr\u00e9parer la demie. Je ne suis pas con, j\u2019apprends encore de mes erreurs alors cette ann\u00e9e, nous n\u2019avons parl\u00e9 que d\u2019Angoul\u00eame. Apr\u00e8s, je ne vous cache pas que certaines d\u00e9clarations des Charentais dans la presse m\u2019ont d\u00e9rang\u00e9 un peu.<\/p>\n","protected":false},"excerpt":{"rendered":"Mauricio Reggiardo, quel a \u00e9t\u00e9 votre sentiment apr\u00e8s cette premi\u00e8re victoire en phase finale de Provence\u00a0Rugby et cette&hellip;\n","protected":false},"author":2,"featured_media":131321,"comment_status":"","ping_status":"","sticky":false,"template":"","format":"standard","meta":{"footnotes":""},"categories":[9566],"tags":[17,1111,11,2430,1777,674,3394,1011,27,2731,19675,25549,12,396,25550,25,2407,4028,60],"class_list":{"0":"post-131320","1":"post","2":"type-post","3":"status-publish","4":"format-standard","5":"has-post-thumbnail","7":"category-grenoble","8":"tag-17","9":"tag-actu","10":"tag-actualites","11":"tag-auvergne-rhone-alpes","12":"tag-eu","13":"tag-europe","14":"tag-evoque","15":"tag-fr","16":"tag-france","17":"tag-grenoble","18":"tag-grosse","19":"tag-mauricio","20":"tag-news","21":"tag-quand","22":"tag-reggiardo","23":"tag-republique-francaise","24":"tag-ses","25":"tag-souffrance","26":"tag-sports"},"share_on_mastodon":{"url":"https:\/\/pubeurope.com\/@fr\/114578848663038643","error":""},"_links":{"self":[{"href":"https:\/\/www.europesays.com\/fr\/wp-json\/wp\/v2\/posts\/131320","targetHints":{"allow":["GET"]}}],"collection":[{"href":"https:\/\/www.europesays.com\/fr\/wp-json\/wp\/v2\/posts"}],"about":[{"href":"https:\/\/www.europesays.com\/fr\/wp-json\/wp\/v2\/types\/post"}],"author":[{"embeddable":true,"href":"https:\/\/www.europesays.com\/fr\/wp-json\/wp\/v2\/users\/2"}],"replies":[{"embeddable":true,"href":"https:\/\/www.europesays.com\/fr\/wp-json\/wp\/v2\/comments?post=131320"}],"version-history":[{"count":0,"href":"https:\/\/www.europesays.com\/fr\/wp-json\/wp\/v2\/posts\/131320\/revisions"}],"wp:featuredmedia":[{"embeddable":true,"href":"https:\/\/www.europesays.com\/fr\/wp-json\/wp\/v2\/media\/131321"}],"wp:attachment":[{"href":"https:\/\/www.europesays.com\/fr\/wp-json\/wp\/v2\/media?parent=131320"}],"wp:term":[{"taxonomy":"category","embeddable":true,"href":"https:\/\/www.europesays.com\/fr\/wp-json\/wp\/v2\/categories?post=131320"},{"taxonomy":"post_tag","embeddable":true,"href":"https:\/\/www.europesays.com\/fr\/wp-json\/wp\/v2\/tags?post=131320"}],"curies":[{"name":"wp","href":"https:\/\/api.w.org\/{rel}","templated":true}]}}