{"id":131322,"date":"2025-05-27T08:27:08","date_gmt":"2025-05-27T08:27:08","guid":{"rendered":"https:\/\/www.europesays.com\/fr\/131322\/"},"modified":"2025-05-27T08:27:08","modified_gmt":"2025-05-27T08:27:08","slug":"nous-sommes-tres-heureux-inedite-a-rennes-cette-celebre-enseigne-debarque-dans-le-centre-ville","status":"publish","type":"post","link":"https:\/\/www.europesays.com\/fr\/131322\/","title":{"rendered":"\u00ab\u00a0Nous sommes tr\u00e8s heureux\u00a0\u00bb\u00a0: in\u00e9dite \u00e0 Rennes, cette c\u00e9l\u00e8bre enseigne d\u00e9barque dans le centre-ville"},"content":{"rendered":"<p>\u00c7a bouge (enfin) au centre commercial Colombia de Rennes. Alors que les cellules vides se sont multipli\u00e9es ces derniers mois &#8211; notamment du c\u00f4t\u00e9 de l\u2019entr\u00e9e situ\u00e9e sur la dalle, une nouvelle enseigne d\u00e9barque tr\u00e8s prochainement dans la galerie.<\/p>\n<p>Il s\u2019agit de la marque danoise Flying Tiger Copenhagen qui s\u2019installera sur plus de 155m2. Sp\u00e9cialis\u00e9e dans la d\u00e9co et les objets du quotidien \u00e0 petit prix, l\u2019enseigne est pr\u00e9sente un peu partout dans le monde, avec pr\u00e8s d\u2019un millier de boutiques r\u00e9parties en Europe, en Asie et aux \u00c9tats-Unis.<\/p>\n<p>\u00ab Nous sommes tr\u00e8s heureux que Flying Tiger Copenhagen ait choisi Colombia pour sa premi\u00e8re implantation \u00e0 Rennes \u00bb, a indiqu\u00e9 dans un communiqu\u00e9 Charles Esteve, directeur du centre commercial Colombia. \u00ab Au-del\u00e0 de la fiert\u00e9 d\u2019accueillir une enseigne aussi embl\u00e9matique, nous partageons des valeurs fortes : l\u2019accessibilit\u00e9, la cr\u00e9ativit\u00e9 et le sens de la convivialit\u00e9 \u00bb.<\/p>\n","protected":false},"excerpt":{"rendered":"\u00c7a bouge (enfin) au centre commercial Colombia de Rennes. Alors que les cellules vides se sont multipli\u00e9es ces&hellip;\n","protected":false},"author":2,"featured_media":131323,"comment_status":"","ping_status":"","sticky":false,"template":"","format":"standard","meta":{"footnotes":""},"categories":[2821],"tags":[1111,11,829,2033,1777,674,1011,27,848,12,584,25],"class_list":{"0":"post-131322","1":"post","2":"type-post","3":"status-publish","4":"format-standard","5":"has-post-thumbnail","7":"category-rennes","8":"tag-actu","9":"tag-actualites","10":"tag-bretagne","11":"tag-commerces-a-rennes","12":"tag-eu","13":"tag-europe","14":"tag-fr","15":"tag-france","16":"tag-ille-et-vilaine","17":"tag-news","18":"tag-rennes","19":"tag-republique-francaise"},"share_on_mastodon":{"url":"https:\/\/pubeurope.com\/@fr\/114578852662330004","error":""},"_links":{"self":[{"href":"https:\/\/www.europesays.com\/fr\/wp-json\/wp\/v2\/posts\/131322","targetHints":{"allow":["GET"]}}],"collection":[{"href":"https:\/\/www.europesays.com\/fr\/wp-json\/wp\/v2\/posts"}],"about":[{"href":"https:\/\/www.europesays.com\/fr\/wp-json\/wp\/v2\/types\/post"}],"author":[{"embeddable":true,"href":"https:\/\/www.europesays.com\/fr\/wp-json\/wp\/v2\/users\/2"}],"replies":[{"embeddable":true,"href":"https:\/\/www.europesays.com\/fr\/wp-json\/wp\/v2\/comments?post=131322"}],"version-history":[{"count":0,"href":"https:\/\/www.europesays.com\/fr\/wp-json\/wp\/v2\/posts\/131322\/revisions"}],"wp:featuredmedia":[{"embeddable":true,"href":"https:\/\/www.europesays.com\/fr\/wp-json\/wp\/v2\/media\/131323"}],"wp:attachment":[{"href":"https:\/\/www.europesays.com\/fr\/wp-json\/wp\/v2\/media?parent=131322"}],"wp:term":[{"taxonomy":"category","embeddable":true,"href":"https:\/\/www.europesays.com\/fr\/wp-json\/wp\/v2\/categories?post=131322"},{"taxonomy":"post_tag","embeddable":true,"href":"https:\/\/www.europesays.com\/fr\/wp-json\/wp\/v2\/tags?post=131322"}],"curies":[{"name":"wp","href":"https:\/\/api.w.org\/{rel}","templated":true}]}}