{"id":131328,"date":"2025-05-27T08:30:15","date_gmt":"2025-05-27T08:30:15","guid":{"rendered":"https:\/\/www.europesays.com\/fr\/131328\/"},"modified":"2025-05-27T08:30:15","modified_gmt":"2025-05-27T08:30:15","slug":"strasbourg-carte-niant-israel-keffieh-autour-du-cou-pourquoi-la-maire-ecologiste-jeanne-barseghian-suscite-un-tolle-avec-le-nouveau-jumelage-de-la-ville","status":"publish","type":"post","link":"https:\/\/www.europesays.com\/fr\/131328\/","title":{"rendered":"Strasbourg : Carte niant Isra\u00ebl, keffieh autour du cou&#8230; Pourquoi la maire \u00e9cologiste Jeanne Barseghian suscite un toll\u00e9 avec le nouveau jumelage de la ville"},"content":{"rendered":"<p>\tStrasbourg : Carte niant Isra\u00ebl, keffieh autour du cou&#8230; Pourquoi la maire \u00e9cologiste Jeanne Barseghian suscite un toll\u00e9 avec le nouveau jumelage de la ville &#8211; Valeurs actuelles<\/p>\n<p><a href=\"https:\/\/www.valeursactuelles.com\/\" target=\"_blank\" rel=\"noopener\">Accueil<\/a> \u00bb <a href=\"https:\/\/www.valeursactuelles.com\/politique\" target=\"_blank\" rel=\"noopener\">Politique<\/a> \u00bb Strasbourg : Carte niant Isra\u00ebl, keffieh autour du cou\u2026 Pourquoi la maire \u00e9cologiste Jeanne Barseghian suscite un toll\u00e9 avec le nouveau jumelage de la ville<\/p>\n","protected":false},"excerpt":{"rendered":"Strasbourg : Carte niant Isra\u00ebl, keffieh autour du cou&#8230; Pourquoi la maire \u00e9cologiste Jeanne Barseghian suscite un toll\u00e9&hellip;\n","protected":false},"author":2,"featured_media":131329,"comment_status":"","ping_status":"","sticky":false,"template":"","format":"standard","meta":{"footnotes":""},"categories":[2820],"tags":[1111,11,3259,1777,674,25551,1011,27,665,775,664,12,25,640],"class_list":{"0":"post-131328","1":"post","2":"type-post","3":"status-publish","4":"format-standard","5":"has-post-thumbnail","7":"category-strasbourg","8":"tag-actu","9":"tag-actualites","10":"tag-conflit-israelo-palestinien","11":"tag-eu","12":"tag-europe","13":"tag-europe-ecologie-les-verts","14":"tag-fr","15":"tag-france","16":"tag-gaza","17":"tag-grand-est","18":"tag-israel","19":"tag-news","20":"tag-republique-francaise","21":"tag-strasbourg"},"share_on_mastodon":{"url":"https:\/\/pubeurope.com\/@fr\/114578864458083228","error":""},"_links":{"self":[{"href":"https:\/\/www.europesays.com\/fr\/wp-json\/wp\/v2\/posts\/131328","targetHints":{"allow":["GET"]}}],"collection":[{"href":"https:\/\/www.europesays.com\/fr\/wp-json\/wp\/v2\/posts"}],"about":[{"href":"https:\/\/www.europesays.com\/fr\/wp-json\/wp\/v2\/types\/post"}],"author":[{"embeddable":true,"href":"https:\/\/www.europesays.com\/fr\/wp-json\/wp\/v2\/users\/2"}],"replies":[{"embeddable":true,"href":"https:\/\/www.europesays.com\/fr\/wp-json\/wp\/v2\/comments?post=131328"}],"version-history":[{"count":0,"href":"https:\/\/www.europesays.com\/fr\/wp-json\/wp\/v2\/posts\/131328\/revisions"}],"wp:featuredmedia":[{"embeddable":true,"href":"https:\/\/www.europesays.com\/fr\/wp-json\/wp\/v2\/media\/131329"}],"wp:attachment":[{"href":"https:\/\/www.europesays.com\/fr\/wp-json\/wp\/v2\/media?parent=131328"}],"wp:term":[{"taxonomy":"category","embeddable":true,"href":"https:\/\/www.europesays.com\/fr\/wp-json\/wp\/v2\/categories?post=131328"},{"taxonomy":"post_tag","embeddable":true,"href":"https:\/\/www.europesays.com\/fr\/wp-json\/wp\/v2\/tags?post=131328"}],"curies":[{"name":"wp","href":"https:\/\/api.w.org\/{rel}","templated":true}]}}