{"id":131332,"date":"2025-05-27T08:32:08","date_gmt":"2025-05-27T08:32:08","guid":{"rendered":"https:\/\/www.europesays.com\/fr\/131332\/"},"modified":"2025-05-27T08:32:08","modified_gmt":"2025-05-27T08:32:08","slug":"nice-des-cameras-installees-a-linterieur-de-ces-immeubles-dhabitation","status":"publish","type":"post","link":"https:\/\/www.europesays.com\/fr\/131332\/","title":{"rendered":"Nice. Des cam\u00e9ras install\u00e9es \u00e0 l&rsquo;int\u00e9rieur de ces immeubles d&rsquo;habitation"},"content":{"rendered":"<p>            Par<br \/>\n        <strong><br \/>\n            <a href=\"https:\/\/actu.fr\/auteur\/ugo-maillard\" title=\"Consulter tous les articles de Ugo Maillard\" target=\"_blank\" rel=\"noopener\">Ugo Maillard<\/a><br \/>\n        <\/strong><\/p>\n<p>        Publi\u00e9 le<\/p>\n<p>            27 mai 2025 \u00e0 10h18        <\/p>\n<p>Une nouvelle arme pour les forces de s\u00e9curit\u00e9 ni\u00e7oises. Lors du conseil municipal de ce vendredi 23\u00a0mai 2025, les \u00e9lus de la Ville de <a href=\"https:\/\/actu.fr\/nice\/\" target=\"_blank\" rel=\"noopener\">Nice<\/a> ont vot\u00e9 en faveur d\u2019une \u00ab\u2009convention qui autorise la transmission des images prises dans les parties communes des immeubles \u00e0 usage d\u2019habitation dont C\u00f4te d\u2019Azur Habitat a la gestion, vers le Centre de Supervision Urbain de la Police Municipale\u2009\u00bb.<\/p>\n<p class=\" wall-content\">Concr\u00e8tement, des<strong> images film\u00e9es par les cam\u00e9ras<\/strong> install\u00e9es dans les <strong>halls d\u2019immeuble<\/strong> du bailleur social C\u00f4te d\u2019Azur Habitat pourront \u00eatre visionn\u00e9s par la police municipale.<\/p>\n<p class=\" wall-content\">Une mesure visant \u00e0 \u00ab\u2009renforcer la s\u00e9curit\u00e9 des locataires\u2009\u00bb, selon les services municipaux.<\/p>\n<p>Un visionnage en cas de signalement<\/p>\n<p class=\" wall-content\">Ce dispositif de vid\u00e9o surveillance dans les parties communes des immeubles ne permettra pas de surveiller les faits et gestes des habitants en temps r\u00e9el.<\/p>\n<p class=\" wall-content\">Les bandes vid\u00e9o pourront \u00eatre visionn\u00e9es \u00ab\u2009en cas de signalement de la part du gestionnaire de l\u2019immeuble, en lien avec un \u00e9v\u00e8nement pouvant porter atteinte \u00e0 la tranquillit\u00e9 des riverains dans les parties communes tels que des attroupements, des nuisances ou encore une constatation de trafics\u2009\u00bb, pr\u00e9cise la Ville de Nice.<\/p>\n<blockquote class=\"ac-article-quote wall-content\">\n<p>La transmission des images vers le CSU permettra d\u2019identifier en temps r\u00e9el si une intervention est n\u00e9cessaire et de d\u00e9ployer les forces de police sur le terrain. C\u2019est un nouvel outil au service de nos forces de l\u2019ordre et de la s\u00e9curit\u00e9 des Ni\u00e7ois.<\/p>\n<p>    <strong>Mairie de Nice<\/strong>\n            <\/p><\/blockquote>\n<p>\u00ab\u2009Agir avec fermet\u00e9 et d\u00e9termination pour la s\u00e9curit\u00e9 du quotidien\u2009\u00bb<\/p>\n<p class=\" wall-content\">En r\u00e9action \u00e0 ce vote favorable pour la mise en place de cet outil, <a href=\"https:\/\/actu.fr\/tag\/christian-estrosi\" target=\"_blank\" rel=\"noopener\">Christian Estrosi<\/a>, maire de Nice, a d\u00e9clar\u00e9 que \u00ab\u2009la lutte contre la d\u00e9linquance n\u2019est pas seulement un enjeu s\u00e9curitaire, c\u2019est aussi un combat pour pr\u00e9server la qualit\u00e9 de vie des Ni\u00e7ois et leur bien-\u00eatre collectif\u2009\u00bb.<\/p>\n<p class=\" wall-content\">\u00ab\u2009Les troubles li\u00e9s \u00e0 l\u2019ins\u00e9curit\u00e9, qu\u2019il s\u2019agisse d\u2019incivilit\u00e9s, de nuisances ou d\u2019actes plus graves, affectent le quotidien de chacun d\u2019entre nous. Avec les nombreuses mesures que nous prenons, nous continuons \u00e0 agir avec fermet\u00e9 et d\u00e9termination pour la s\u00e9curit\u00e9 du quotidien des Ni\u00e7ois\u2009\u00bb, a poursuivi l\u2019\u00e9dile.<\/p>\n<p class=\" wall-content\">Pr\u00e9cision importante, les images transmises de C\u00f4te d\u2019Azur Habitat vers le Centre de Supervision Urbain <strong>ne seront pas enregistr\u00e9es<\/strong> par les forces de police municipale. L\u2019objectif \u00e9tant, uniquement, de d\u00e9clencher une intervention rapide.<\/p>\n<p class=\" wall-content\">Suivez toute l\u2019actualit\u00e9 de vos villes et m\u00e9dias favoris en vous inscrivant \u00e0 <a href=\"https:\/\/moncompte.actu.fr\" title=\"D\u00e9couvez Mon Actu\" rel=\"nofollow noopener\" data-trk=\"{&quot;cta&quot;:{&quot;action&quot;:&quot;https:\\\/\\\/moncompte.actu.fr&quot;,&quot;category&quot;:&quot;mon compte&quot;,&quot;from&quot;:&quot;article footer&quot;,&quot;name&quot;:&quot;Mon actu&quot;,&quot;type&quot;:&quot;cta&quot;}}\" target=\"_blank\">Mon Actu<\/a>.<\/p>\n<ul class=\"ac-article-tag wall-content\">\n<li><a href=\"https:\/\/actu.fr\/tag\/christian-estrosi\" data-trk=\"{&quot;cta&quot;:{&quot;action&quot;:&quot;Christian Estrosi&quot;,&quot;category&quot;:&quot;tag&quot;,&quot;from&quot;:&quot;article footer&quot;,&quot;name&quot;:&quot;Christian Estrosi&quot;,&quot;type&quot;:&quot;cta&quot;}}\" target=\"_blank\" rel=\"noopener\">#Christian Estrosi<\/a><\/li>\n<li><a href=\"https:\/\/actu.fr\/tag\/videosurveillance\" data-trk=\"{&quot;cta&quot;:{&quot;action&quot;:&quot;Vid\\u00e9osurveillance&quot;,&quot;category&quot;:&quot;tag&quot;,&quot;from&quot;:&quot;article footer&quot;,&quot;name&quot;:&quot;Vid\\u00e9osurveillance&quot;,&quot;type&quot;:&quot;cta&quot;}}\" target=\"_blank\" rel=\"noopener\">#Vid\u00e9osurveillance<\/a><\/li>\n<\/ul>\n","protected":false},"excerpt":{"rendered":"Par Ugo Maillard Publi\u00e9 le 27 mai 2025 \u00e0 10h18 Une nouvelle arme pour les forces de s\u00e9curit\u00e9&hellip;\n","protected":false},"author":2,"featured_media":131333,"comment_status":"","ping_status":"","sticky":false,"template":"","format":"standard","meta":{"footnotes":""},"categories":[2819],"tags":[1111,11,2397,1777,674,1011,27,12,2401,882,25,104,7939],"class_list":{"0":"post-131332","1":"post","2":"type-post","3":"status-publish","4":"format-standard","5":"has-post-thumbnail","7":"category-nice","8":"tag-actu","9":"tag-actualites","10":"tag-christian-estrosi","11":"tag-eu","12":"tag-europe","13":"tag-fr","14":"tag-france","15":"tag-news","16":"tag-nice","17":"tag-provence-alpes-cote-dazur","18":"tag-republique-francaise","19":"tag-societe","20":"tag-videosurveillance"},"share_on_mastodon":{"url":"https:\/\/pubeurope.com\/@fr\/114578872310293492","error":""},"_links":{"self":[{"href":"https:\/\/www.europesays.com\/fr\/wp-json\/wp\/v2\/posts\/131332","targetHints":{"allow":["GET"]}}],"collection":[{"href":"https:\/\/www.europesays.com\/fr\/wp-json\/wp\/v2\/posts"}],"about":[{"href":"https:\/\/www.europesays.com\/fr\/wp-json\/wp\/v2\/types\/post"}],"author":[{"embeddable":true,"href":"https:\/\/www.europesays.com\/fr\/wp-json\/wp\/v2\/users\/2"}],"replies":[{"embeddable":true,"href":"https:\/\/www.europesays.com\/fr\/wp-json\/wp\/v2\/comments?post=131332"}],"version-history":[{"count":0,"href":"https:\/\/www.europesays.com\/fr\/wp-json\/wp\/v2\/posts\/131332\/revisions"}],"wp:featuredmedia":[{"embeddable":true,"href":"https:\/\/www.europesays.com\/fr\/wp-json\/wp\/v2\/media\/131333"}],"wp:attachment":[{"href":"https:\/\/www.europesays.com\/fr\/wp-json\/wp\/v2\/media?parent=131332"}],"wp:term":[{"taxonomy":"category","embeddable":true,"href":"https:\/\/www.europesays.com\/fr\/wp-json\/wp\/v2\/categories?post=131332"},{"taxonomy":"post_tag","embeddable":true,"href":"https:\/\/www.europesays.com\/fr\/wp-json\/wp\/v2\/tags?post=131332"}],"curies":[{"name":"wp","href":"https:\/\/api.w.org\/{rel}","templated":true}]}}