{"id":131337,"date":"2025-05-27T08:35:08","date_gmt":"2025-05-27T08:35:08","guid":{"rendered":"https:\/\/www.europesays.com\/fr\/131337\/"},"modified":"2025-05-27T08:35:08","modified_gmt":"2025-05-27T08:35:08","slug":"hdf-energy-nomme-olivier-machet-a-la-direction-strategie","status":"publish","type":"post","link":"https:\/\/www.europesays.com\/fr\/131337\/","title":{"rendered":"HDF Energy nomme Olivier Machet \u00e0 la direction strat\u00e9gie"},"content":{"rendered":"<p>L\u2019entreprise girondine HDF Energy se dote d\u2019un solide profil pour piloter sa strat\u00e9gie, et acc\u00e9l\u00e9rer en France comme \u00e0 l\u2019international.<\/p>\n<p>HDF Energy annonce la nomination d\u2019Olivier Machet en tant que directeur strat\u00e9gie et partenariats. Pour l\u2019entreprise, sp\u00e9cialiste du d\u00e9veloppement de grandes infrastructures hydrog\u00e8ne et de piles \u00e0 combustible de forte puissance, il s\u2019agit d\u2019une \u00ab \u00e9tape cl\u00e9 dans la structuration de son d\u00e9veloppement industriel et international \u00bb. Ing\u00e9nieur dipl\u00f4m\u00e9 de l\u2019INSA Lyon et de l\u2019IFP School, Olivier Machet s\u2019appuie sur 25 ans d\u2019exp\u00e9rience dans l\u2019industrie de l\u2019\u00e9nergie. Pass\u00e9 par GRDF et Storengy (groupe GDF Suez), il a successivement dirig\u00e9 plusieurs sites industriels class\u00e9s Seveso, avant d\u2019acc\u00e9der \u00e0 la direction technique. Ces huit derni\u00e8res ann\u00e9es, au sein d\u2019Engie, il \u00ab consacrait son expertise au d\u00e9veloppement de projets hydrog\u00e8ne, de \u201cpower-to-x\u201d et de carburants alternatifs durables, en particulier pour l\u2019aviation \u00bb, pr\u00e9cise HDF Energy dans un communiqu\u00e9. <\/p>\n<p>   Au sein de l\u2019entreprise girondine, le nouveau directeur strat\u00e9gie sera charg\u00e9 de piloter la mise en \u0153uvre du projet industriel de piles \u00e0 combustible hydrog\u00e8ne de forte puissance ; d\u2019acc\u00e9l\u00e9rer la commercialisation des solutions de d\u00e9carbonation notamment sur les march\u00e9s de la mobilit\u00e9 lourde ferroviaire et maritime, ainsi que des carburants de synth\u00e8se ; et de renforcer les relations institutionnelles.<\/p>\n<p style=\"margin-left: 25px;\">  <b>Dans le r\u00e9tro &#8211;\u00a0<a href=\"https:\/\/www.placeco.fr\/nouvelle-aquitaine\/strategie\/article\/filiere-hydrogene-hdf-se-donne-les-moyens-en-inaugurant-son-usine-a-blanquefort-5301\" target=\"_blank\" rel=\"nofollow noopener\">Fili\u00e8re hydrog\u00e8ne : HDF se donne les moyens en inaugurant son usine \u00e0 Blanquefort<\/a><\/b><\/p>\n","protected":false},"excerpt":{"rendered":"L\u2019entreprise girondine HDF Energy se dote d\u2019un solide profil pour piloter sa strat\u00e9gie, et acc\u00e9l\u00e9rer en France comme&hellip;\n","protected":false},"author":2,"featured_media":131338,"comment_status":"","ping_status":"","sticky":false,"template":"","format":"standard","meta":{"footnotes":""},"categories":[2817],"tags":[1111,11,1997,1777,674,1011,27,12,2219,5645,25],"class_list":{"0":"post-131337","1":"post","2":"type-post","3":"status-publish","4":"format-standard","5":"has-post-thumbnail","7":"category-bordeaux","8":"tag-actu","9":"tag-actualites","10":"tag-bordeaux","11":"tag-eu","12":"tag-europe","13":"tag-fr","14":"tag-france","15":"tag-news","16":"tag-nouvelle-aquitaine","17":"tag-placco-placeco","18":"tag-republique-francaise"},"share_on_mastodon":{"url":"https:\/\/pubeurope.com\/@fr\/114578885462851623","error":""},"_links":{"self":[{"href":"https:\/\/www.europesays.com\/fr\/wp-json\/wp\/v2\/posts\/131337","targetHints":{"allow":["GET"]}}],"collection":[{"href":"https:\/\/www.europesays.com\/fr\/wp-json\/wp\/v2\/posts"}],"about":[{"href":"https:\/\/www.europesays.com\/fr\/wp-json\/wp\/v2\/types\/post"}],"author":[{"embeddable":true,"href":"https:\/\/www.europesays.com\/fr\/wp-json\/wp\/v2\/users\/2"}],"replies":[{"embeddable":true,"href":"https:\/\/www.europesays.com\/fr\/wp-json\/wp\/v2\/comments?post=131337"}],"version-history":[{"count":0,"href":"https:\/\/www.europesays.com\/fr\/wp-json\/wp\/v2\/posts\/131337\/revisions"}],"wp:featuredmedia":[{"embeddable":true,"href":"https:\/\/www.europesays.com\/fr\/wp-json\/wp\/v2\/media\/131338"}],"wp:attachment":[{"href":"https:\/\/www.europesays.com\/fr\/wp-json\/wp\/v2\/media?parent=131337"}],"wp:term":[{"taxonomy":"category","embeddable":true,"href":"https:\/\/www.europesays.com\/fr\/wp-json\/wp\/v2\/categories?post=131337"},{"taxonomy":"post_tag","embeddable":true,"href":"https:\/\/www.europesays.com\/fr\/wp-json\/wp\/v2\/tags?post=131337"}],"curies":[{"name":"wp","href":"https:\/\/api.w.org\/{rel}","templated":true}]}}