{"id":131343,"date":"2025-05-27T08:38:08","date_gmt":"2025-05-27T08:38:08","guid":{"rendered":"https:\/\/www.europesays.com\/fr\/131343\/"},"modified":"2025-05-27T08:38:08","modified_gmt":"2025-05-27T08:38:08","slug":"quelle-etait-cette-epaisse-fumee-noire-dans-le-ciel-de-toulouse-un-incendie-en-cours-dextinction","status":"publish","type":"post","link":"https:\/\/www.europesays.com\/fr\/131343\/","title":{"rendered":"Quelle \u00e9tait cette \u00e9paisse fum\u00e9e noire dans le ciel de Toulouse ? Un incendie en cours d&rsquo;extinction"},"content":{"rendered":"<p>            Par<br \/>\n        <strong><br \/>\n            <a href=\"https:\/\/actu.fr\/auteur\/mareva-laville-actu-fr\" title=\"Consulter tous les articles de Mar\u00e9va Laville\" rel=\"nofollow noopener\" target=\"_blank\">Mar\u00e9va Laville<\/a><br \/>\n        <\/strong><\/p>\n<p>        Publi\u00e9 le<\/p>\n<p>            27 mai 2025 \u00e0 10h30        <\/p>\n<p>Mais quelle est cette<strong> dense fum\u00e9e<\/strong> qui noircissait le ciel de <a href=\"http:\/\/www.actu.fr\/toulouse\" rel=\"nofollow noopener\" target=\"_blank\">Toulouse<\/a>, ce mardi 27\u00a0mai 2025\u2009? Si l\u2019\u00e9pais nuage s\u2019est d\u00e9j\u00e0 estomp\u00e9 ce matin, vers 10\u00a0heures, il se rependait bel et bien ce matin, vers 9\u00a0heures.<\/p>\n<p>Un bus Tiss\u00e9o en feu<\/p>\n<p class=\" wall-content\">Les pompiers sont actuellement sur place pour \u00e9teindre le feu qui touche\u2026 un <strong>bus articul\u00e9 de Tiss\u00e9o<\/strong>\u2009!<\/p>\n<blockquote class=\"tiktok-embed\" cite=\"https:\/\/www.tiktok.com\/@actutoulouse\/video\/7509034163429756192\" data-video-id=\"7509034163429756192\" data-embed-from=\"oembed\" style=\"max-width:605px; min-width:325px;\"><p>\n<a target=\"_blank\" title=\"@actutoulouse\" href=\"https:\/\/www.tiktok.com\/@actutoulouse?refer=embed\" rel=\"nofollow noopener\">@actutoulouse<\/a> <\/p>\n<p>Mais quelle \u00e9tait donc cette fum\u00e9e noire \u00e0 Toulouse ? Les pompiers sont sur place \ud83d\ude92 Un bus de Tiss\u00e9o a pris feu. Plus d\u2019infos \u00e0 venir sur Actu.fr\/toulouse \ud83d\udcf9 Mar\u00e9va Laville \/ Actu Toulouse<\/p>\n<p> <a target=\"_blank\" title=\"\u266c son original - Actu Toulouse\" href=\"https:\/\/www.tiktok.com\/music\/son-original-7509036260850174752?refer=embed\" rel=\"nofollow noopener\">\u266c son original \u2013 Actu Toulouse<\/a> <\/p>\n<\/blockquote>\n<p class=\" wall-content\">L\u2019engin \u00e0 deux parties reli\u00e9es par un axe pivotant s\u2019est enflamm\u00e9 au niveau de l\u2019<strong>avenue de Fronton<\/strong>, au nord de la Ville rose, entre les quartiers Barri\u00e8re de Paris et les Izards. <strong>13 sapeurs-pompiers<\/strong> sont engag\u00e9s. Selon eux, <strong>aucune victime n\u2019est \u00e0 d\u00e9plorer.<\/strong><\/p>\n<p>    <a href=\"https:\/\/www.google.com\/maps\/embed?pb=!1m18!1m12!1m3!1d26512.63688807635!2d1.433141695795742!3d43.644836652344814!2m3!1f0!2f0!3f0!3m2!1i1024!2i768!4f13.1!3m3!1m2!1s0x12aea4bd7251846f%3A0xec941f3d67354028!2sAv.%20de%20Fronton%2C%20Toulouse!5e1!3m2!1sfr!2sfr!4v1748333209413!5m2!1sfr!2sfr\" title=\"Ouvrie le lien\" rel=\"nofollow noopener\" target=\"_blank\">Cliquez ici pour visualiser le contenu<\/a><\/p>\n<p class=\" wall-content\"> Plus d\u2019informations \u00e0 venir\u2026<\/p>\n<p class=\" wall-content\">Suivez toute l\u2019actualit\u00e9 de vos villes et m\u00e9dias favoris en vous inscrivant \u00e0 <a href=\"https:\/\/moncompte.actu.fr\" title=\"D\u00e9couvez Mon Actu\" rel=\"nofollow noopener\" data-trk=\"{&quot;cta&quot;:{&quot;action&quot;:&quot;https:\\\/\\\/moncompte.actu.fr&quot;,&quot;category&quot;:&quot;mon compte&quot;,&quot;from&quot;:&quot;article footer&quot;,&quot;name&quot;:&quot;Mon actu&quot;,&quot;type&quot;:&quot;cta&quot;}}\" target=\"_blank\">Mon Actu<\/a>.<\/p>\n<p>                    <script async src=\"\/\/www.tiktok.com\/embed.js\"><\/script><\/p>\n","protected":false},"excerpt":{"rendered":"Par Mar\u00e9va Laville Publi\u00e9 le 27 mai 2025 \u00e0 10h30 Mais quelle est cette dense fum\u00e9e qui noircissait&hellip;\n","protected":false},"author":2,"featured_media":131344,"comment_status":"","ping_status":"","sticky":false,"template":"","format":"standard","meta":{"footnotes":""},"categories":[2816],"tags":[1111,11,1777,674,118,1011,27,1310,12,2680,1311,25,5400,2312],"class_list":{"0":"post-131343","1":"post","2":"type-post","3":"status-publish","4":"format-standard","5":"has-post-thumbnail","7":"category-toulouse","8":"tag-actu","9":"tag-actualites","10":"tag-eu","11":"tag-europe","12":"tag-faits-divers","13":"tag-fr","14":"tag-france","15":"tag-incendie","16":"tag-news","17":"tag-occitanie","18":"tag-pompiers","19":"tag-republique-francaise","20":"tag-tisseo","21":"tag-toulouse"},"share_on_mastodon":{"url":"https:\/\/pubeurope.com\/@fr\/114578895861349776","error":""},"_links":{"self":[{"href":"https:\/\/www.europesays.com\/fr\/wp-json\/wp\/v2\/posts\/131343","targetHints":{"allow":["GET"]}}],"collection":[{"href":"https:\/\/www.europesays.com\/fr\/wp-json\/wp\/v2\/posts"}],"about":[{"href":"https:\/\/www.europesays.com\/fr\/wp-json\/wp\/v2\/types\/post"}],"author":[{"embeddable":true,"href":"https:\/\/www.europesays.com\/fr\/wp-json\/wp\/v2\/users\/2"}],"replies":[{"embeddable":true,"href":"https:\/\/www.europesays.com\/fr\/wp-json\/wp\/v2\/comments?post=131343"}],"version-history":[{"count":0,"href":"https:\/\/www.europesays.com\/fr\/wp-json\/wp\/v2\/posts\/131343\/revisions"}],"wp:featuredmedia":[{"embeddable":true,"href":"https:\/\/www.europesays.com\/fr\/wp-json\/wp\/v2\/media\/131344"}],"wp:attachment":[{"href":"https:\/\/www.europesays.com\/fr\/wp-json\/wp\/v2\/media?parent=131343"}],"wp:term":[{"taxonomy":"category","embeddable":true,"href":"https:\/\/www.europesays.com\/fr\/wp-json\/wp\/v2\/categories?post=131343"},{"taxonomy":"post_tag","embeddable":true,"href":"https:\/\/www.europesays.com\/fr\/wp-json\/wp\/v2\/tags?post=131343"}],"curies":[{"name":"wp","href":"https:\/\/api.w.org\/{rel}","templated":true}]}}