{"id":131345,"date":"2025-05-27T08:40:08","date_gmt":"2025-05-27T08:40:08","guid":{"rendered":"https:\/\/www.europesays.com\/fr\/131345\/"},"modified":"2025-05-27T08:40:08","modified_gmt":"2025-05-27T08:40:08","slug":"ter-lille-hazebrouck-un-acte-de-vandalisme-retarde-les-trains-reprise-normale-estimee-a-20h","status":"publish","type":"post","link":"https:\/\/www.europesays.com\/fr\/131345\/","title":{"rendered":"TER Lille-Hazebrouck. Un acte de vandalisme retarde les trains, reprise normale estim\u00e9e \u00e0 20h"},"content":{"rendered":"<p>            Par<br \/>\n        <strong><br \/>\n            <a href=\"https:\/\/actu.fr\/auteur\/raphael-mahlmann\" title=\"Consulter tous les articles de Rapha\u00ebl Mahlmann\" rel=\"nofollow noopener\" target=\"_blank\">Rapha\u00ebl Mahlmann<\/a><br \/>\n        <\/strong><\/p>\n<p>        Publi\u00e9 le<\/p>\n<p>            27 mai 2025 \u00e0 10h22        <\/p>\n<p>Encore un acte de vandalisme La <a href=\"https:\/\/actu.fr\/hauts-de-france\/saint-omer_62765\/la-sncf-annonce-des-travaux-sur-la-ligne-calais-saint-omer-des-ter-supprimes_62689711.html\" rel=\"nofollow noopener\" target=\"_blank\">SNCF<\/a> annonce une <b>perturbation de la circulation des trains<\/b> sur la ligne Lille-Hazebrouck ce mardi 27\u00a0mai 2025. Un <a href=\"https:\/\/actu.fr\/hauts-de-france\/lille_59350\/lille-flandres-aucun-ter-ne-circule-au-depart-ou-a-larrivee-de-la-gare-dimanche-matin_62288154.html\" rel=\"nofollow noopener\" target=\"_blank\">acte de vandalisme<\/a> ayant entra\u00een\u00e9 un d\u00e9faut d\u2019alimentation \u00e9lectrique \u00e0 la gare de Bailleul (Nord) a \u00e9t\u00e9 constat\u00e9 par la compagnie.<\/p>\n<p>Reprise normale \u00e0 20h<\/p>\n<p class=\" wall-content\">Plus t\u00f4t dans la matin\u00e9e, une reprise normale de la circulation avait \u00e9t\u00e9 annonc\u00e9e pour 9h pour \u00eatre finalement repouss\u00e9e \u00e0 20h. \u00ab\u2009La circulation est toujours perturb\u00e9e apr\u00e8s un acte de vandalisme dans le secteur de Bailleul. Des trains peuvent emprunter un itin\u00e9raire bis\u2009\u00bb, indique la SNCF dans un message publi\u00e9 sur X \u00e0 10h05.<\/p>\n<p class=\" wall-content\">Il s\u2019agit du troisi\u00e8me acte de vandalisme perturbant le trafic de la ligne Lille-Hazebrouck ce mois-ci. Des vols de c\u00e2bles avaient constat\u00e9 \u00e0 la gare de Bailleul les 12 et 13\u00a0mai 2025.<\/p>\n<p class=\" wall-content\">Suivez toute l\u2019actualit\u00e9 de vos villes et m\u00e9dias favoris en vous inscrivant \u00e0 <a href=\"https:\/\/moncompte.actu.fr\" title=\"D\u00e9couvez Mon Actu\" rel=\"nofollow noopener\" data-trk=\"{&quot;cta&quot;:{&quot;action&quot;:&quot;https:\\\/\\\/moncompte.actu.fr&quot;,&quot;category&quot;:&quot;mon compte&quot;,&quot;from&quot;:&quot;article footer&quot;,&quot;name&quot;:&quot;Mon actu&quot;,&quot;type&quot;:&quot;cta&quot;}}\" target=\"_blank\">Mon Actu<\/a>.<\/p>\n","protected":false},"excerpt":{"rendered":"Par Rapha\u00ebl Mahlmann Publi\u00e9 le 27 mai 2025 \u00e0 10h22 Encore un acte de vandalisme La SNCF annonce&hellip;\n","protected":false},"author":2,"featured_media":131346,"comment_status":"","ping_status":"","sticky":false,"template":"","format":"standard","meta":{"footnotes":""},"categories":[2815],"tags":[1111,11,1777,674,1011,27,811,1307,12,25,2215,104],"class_list":{"0":"post-131345","1":"post","2":"type-post","3":"status-publish","4":"format-standard","5":"has-post-thumbnail","7":"category-lille","8":"tag-actu","9":"tag-actualites","10":"tag-eu","11":"tag-europe","12":"tag-fr","13":"tag-france","14":"tag-hauts-de-france","15":"tag-lille","16":"tag-news","17":"tag-republique-francaise","18":"tag-sncf","19":"tag-societe"},"share_on_mastodon":{"url":"https:\/\/pubeurope.com\/@fr\/114578903753292295","error":""},"_links":{"self":[{"href":"https:\/\/www.europesays.com\/fr\/wp-json\/wp\/v2\/posts\/131345","targetHints":{"allow":["GET"]}}],"collection":[{"href":"https:\/\/www.europesays.com\/fr\/wp-json\/wp\/v2\/posts"}],"about":[{"href":"https:\/\/www.europesays.com\/fr\/wp-json\/wp\/v2\/types\/post"}],"author":[{"embeddable":true,"href":"https:\/\/www.europesays.com\/fr\/wp-json\/wp\/v2\/users\/2"}],"replies":[{"embeddable":true,"href":"https:\/\/www.europesays.com\/fr\/wp-json\/wp\/v2\/comments?post=131345"}],"version-history":[{"count":0,"href":"https:\/\/www.europesays.com\/fr\/wp-json\/wp\/v2\/posts\/131345\/revisions"}],"wp:featuredmedia":[{"embeddable":true,"href":"https:\/\/www.europesays.com\/fr\/wp-json\/wp\/v2\/media\/131346"}],"wp:attachment":[{"href":"https:\/\/www.europesays.com\/fr\/wp-json\/wp\/v2\/media?parent=131345"}],"wp:term":[{"taxonomy":"category","embeddable":true,"href":"https:\/\/www.europesays.com\/fr\/wp-json\/wp\/v2\/categories?post=131345"},{"taxonomy":"post_tag","embeddable":true,"href":"https:\/\/www.europesays.com\/fr\/wp-json\/wp\/v2\/tags?post=131345"}],"curies":[{"name":"wp","href":"https:\/\/api.w.org\/{rel}","templated":true}]}}