{"id":131347,"date":"2025-05-27T08:41:09","date_gmt":"2025-05-27T08:41:09","guid":{"rendered":"https:\/\/www.europesays.com\/fr\/131347\/"},"modified":"2025-05-27T08:41:09","modified_gmt":"2025-05-27T08:41:09","slug":"les-victimes-des-rafles-de-1943-honorees-dans-la-manche","status":"publish","type":"post","link":"https:\/\/www.europesays.com\/fr\/131347\/","title":{"rendered":"Les victimes des rafles de 1943 honor\u00e9es dans la Manche"},"content":{"rendered":"<p>C\u2019est un pan m\u00e9connu de l\u2019histoire que le collectif Saint-Jean 24\u00a0janvier\u00a01943 a mis en exergue dimanche 18\u00a0mai, en se rendant sur l\u2019\u00eele anglo-normande d\u2019Aurigny, o\u00f9 26 Marseillais<a href=\"https:\/\/laprovence.com\/actu\/en-direct\/5335308\/huit-familles-marseillaises-deposent-plainte-pour-crimes-contre-lhumanite-apres-les-rafles-du-vieux-port-\" target=\"_blank\" rel=\"noopener\"> rafl\u00e9s dans le quartier Saint-Jean<\/a> ont \u00e9t\u00e9 d\u00e9port\u00e9s il y a quatre-vingt-deux ans. Une comm\u00e9moration officielle a accompagn\u00e9 la pose d\u2019une plaque d\u00e9di\u00e9e aux Marseillais. \u00ab\u00a0Ce fut un \u00e9v\u00e9nement tr\u00e8s touchant, qui a r\u00e9uni les m\u00e9moires d\u2019une histoire oubli\u00e9e de la Seconde Guerre mondiale, a salu\u00e9 Me Pascal Luongo, vice-pr\u00e9sident et avocat du collectif. Aurigny (Alderney pour les Britanniques) fait partie de l\u2019histoire de Marseille et d\u00e9sormais Marseille fait partie d\u2019Aurigny.\u00a0\u00bb<\/p>\n","protected":false},"excerpt":{"rendered":"C\u2019est un pan m\u00e9connu de l\u2019histoire que le collectif Saint-Jean 24\u00a0janvier\u00a01943 a mis en exergue dimanche 18\u00a0mai, en&hellip;\n","protected":false},"author":2,"featured_media":131348,"comment_status":"","ping_status":"","sticky":false,"template":"","format":"standard","meta":{"footnotes":""},"categories":[2814],"tags":[25555,17,1111,11,154,1777,674,1011,27,25556,151,884,12,882,25554,25,104,2023],"class_list":{"0":"post-131347","1":"post","2":"type-post","3":"status-publish","4":"format-standard","5":"has-post-thumbnail","7":"category-marseille","8":"tag-25555","9":"tag-17","10":"tag-actu","11":"tag-actualites","12":"tag-des","13":"tag-eu","14":"tag-europe","15":"tag-fr","16":"tag-france","17":"tag-honorees","18":"tag-les","19":"tag-marseille","20":"tag-news","21":"tag-provence-alpes-cote-dazur","22":"tag-rafles","23":"tag-republique-francaise","24":"tag-societe","25":"tag-victimes"},"share_on_mastodon":{"url":"https:\/\/pubeurope.com\/@fr\/114578907765944761","error":""},"_links":{"self":[{"href":"https:\/\/www.europesays.com\/fr\/wp-json\/wp\/v2\/posts\/131347","targetHints":{"allow":["GET"]}}],"collection":[{"href":"https:\/\/www.europesays.com\/fr\/wp-json\/wp\/v2\/posts"}],"about":[{"href":"https:\/\/www.europesays.com\/fr\/wp-json\/wp\/v2\/types\/post"}],"author":[{"embeddable":true,"href":"https:\/\/www.europesays.com\/fr\/wp-json\/wp\/v2\/users\/2"}],"replies":[{"embeddable":true,"href":"https:\/\/www.europesays.com\/fr\/wp-json\/wp\/v2\/comments?post=131347"}],"version-history":[{"count":0,"href":"https:\/\/www.europesays.com\/fr\/wp-json\/wp\/v2\/posts\/131347\/revisions"}],"wp:featuredmedia":[{"embeddable":true,"href":"https:\/\/www.europesays.com\/fr\/wp-json\/wp\/v2\/media\/131348"}],"wp:attachment":[{"href":"https:\/\/www.europesays.com\/fr\/wp-json\/wp\/v2\/media?parent=131347"}],"wp:term":[{"taxonomy":"category","embeddable":true,"href":"https:\/\/www.europesays.com\/fr\/wp-json\/wp\/v2\/categories?post=131347"},{"taxonomy":"post_tag","embeddable":true,"href":"https:\/\/www.europesays.com\/fr\/wp-json\/wp\/v2\/tags?post=131347"}],"curies":[{"name":"wp","href":"https:\/\/api.w.org\/{rel}","templated":true}]}}