{"id":131351,"date":"2025-05-27T08:43:12","date_gmt":"2025-05-27T08:43:12","guid":{"rendered":"https:\/\/www.europesays.com\/fr\/131351\/"},"modified":"2025-05-27T08:43:12","modified_gmt":"2025-05-27T08:43:12","slug":"lyon-du-changement-dans-laccueil-aux-urgences-de-lhopital-saint-joseph-saint-luc","status":"publish","type":"post","link":"https:\/\/www.europesays.com\/fr\/131351\/","title":{"rendered":"Lyon : du changement dans l&rsquo;accueil aux Urgences de l&rsquo;H\u00f4pital Saint Joseph Saint Luc"},"content":{"rendered":"<p>L&rsquo;h\u00f4pital Saint Jospeh Saint Luc a pr\u00e9sent\u00e9 les nouvelles modalit\u00e9s d&rsquo;accueil aux Urgences les week-ends et jours f\u00e9ri\u00e9s, jusqu&rsquo;\u00e0 la rentr\u00e9e de septembre.<\/p>\n<p>\u00c0 compter de <b>ce mercredi 28 mai<\/b> et jusqu&rsquo;au lundi <b>1er septembre 2025<\/b>, le fonctionnement des Urgences de <a class=\"url\" href=\"https:\/\/www.saintjosephsaintluc.fr\/\" target=\"_blank\" rel=\"nofollow noopener\">l&rsquo;h\u00f4pital Saint Jospeh Saint Luc<\/a> \u00e9volue \u00e0 Lyon. <\/p>\n<p>Un appel au 15 n\u00e9cessaire <\/p>\n<p>En semaine, l&rsquo;accueil aux Urgences fonctionnera normalement, soit 24h\/24 du lundi 8 heures au vendredi 18 heures. <\/p>\n<p>Le week-end (du vendredi 18 heures au lundi 8 heures) et les jours f\u00e9ri\u00e9s en revanche, l&rsquo;accueil aux Urgences sera <b>r\u00e9serv\u00e9 aux patients qui auront pr\u00e9alablement appel\u00e9 le Centre 15<\/b>.<\/p>\n<p>Pour ce qui concerne le <b>pont de l&rsquo;Ascension<\/b>, l&rsquo;acc\u00e8s r\u00e9gul\u00e9 aux Urgences d\u00e9bute ce mercredi 28 mai \u00e0 18 heures et s&rsquo;\u00e9tend jusqu&rsquo;au lundi 2 juin \u00e0 8 heures. <\/p>\n<p>\u00ab\u00a0Le fonctionnement des autres services de l&rsquo;\u00e9tablissement est assur\u00e9 normalement\u00a0\u00bb, indique enfin l&rsquo;\u00e9tablissement lyonnais. Qu&rsquo;il s&rsquo;agisse du suivi obst\u00e9trical, des hospitalisations programm\u00e9es, des consultations, tout comme les consultations de m\u00e9decine g\u00e9n\u00e9rale au centre de sant\u00e9. <\/p>\n<p><img loading=\"lazy\" decoding=\"async\" src=\"https:\/\/www.europesays.com\/fr\/wp-content\/uploads\/2025\/05\/1748335392_90_img\" width=\"350\" height=\"200\" border=\"0\" title=\"Un thermom\u00c3\u00a8tre\"\/><\/p>\n<p>\u25baM\u00e9t\u00e9o<\/p>\n<p style=\"font-size: 22px;\"><b>Pic de chaleur pendant le Pont de l&rsquo;Ascension : jusqu&rsquo;\u00e0 31\u00b0C en Auvergne-Rh\u00f4ne-Alpes\u00a0<\/b><\/p>\n<p>La r\u00e9gion Auvergne-Rh\u00f4ne-Alpes devrait \u00e0 conna\u00eetre&#8230;<\/p>\n<p><\/p>\n","protected":false},"excerpt":{"rendered":"L&rsquo;h\u00f4pital Saint Jospeh Saint Luc a pr\u00e9sent\u00e9 les nouvelles modalit\u00e9s d&rsquo;accueil aux Urgences les week-ends et jours f\u00e9ri\u00e9s,&hellip;\n","protected":false},"author":2,"featured_media":131352,"comment_status":"","ping_status":"","sticky":false,"template":"","format":"standard","meta":{"footnotes":""},"categories":[1889],"tags":[1111,11,2430,1777,674,1011,27,100,2428,12,25,25557,6444],"class_list":{"0":"post-131351","1":"post","2":"type-post","3":"status-publish","4":"format-standard","5":"has-post-thumbnail","7":"category-lyon","8":"tag-actu","9":"tag-actualites","10":"tag-auvergne-rhone-alpes","11":"tag-eu","12":"tag-europe","13":"tag-fr","14":"tag-france","15":"tag-hopital","16":"tag-lyon","17":"tag-news","18":"tag-republique-francaise","19":"tag-saint-joseph-saint-luc","20":"tag-urgences"},"share_on_mastodon":{"url":"https:\/\/pubeurope.com\/@fr\/114578915754893455","error":""},"_links":{"self":[{"href":"https:\/\/www.europesays.com\/fr\/wp-json\/wp\/v2\/posts\/131351","targetHints":{"allow":["GET"]}}],"collection":[{"href":"https:\/\/www.europesays.com\/fr\/wp-json\/wp\/v2\/posts"}],"about":[{"href":"https:\/\/www.europesays.com\/fr\/wp-json\/wp\/v2\/types\/post"}],"author":[{"embeddable":true,"href":"https:\/\/www.europesays.com\/fr\/wp-json\/wp\/v2\/users\/2"}],"replies":[{"embeddable":true,"href":"https:\/\/www.europesays.com\/fr\/wp-json\/wp\/v2\/comments?post=131351"}],"version-history":[{"count":0,"href":"https:\/\/www.europesays.com\/fr\/wp-json\/wp\/v2\/posts\/131351\/revisions"}],"wp:featuredmedia":[{"embeddable":true,"href":"https:\/\/www.europesays.com\/fr\/wp-json\/wp\/v2\/media\/131352"}],"wp:attachment":[{"href":"https:\/\/www.europesays.com\/fr\/wp-json\/wp\/v2\/media?parent=131351"}],"wp:term":[{"taxonomy":"category","embeddable":true,"href":"https:\/\/www.europesays.com\/fr\/wp-json\/wp\/v2\/categories?post=131351"},{"taxonomy":"post_tag","embeddable":true,"href":"https:\/\/www.europesays.com\/fr\/wp-json\/wp\/v2\/tags?post=131351"}],"curies":[{"name":"wp","href":"https:\/\/api.w.org\/{rel}","templated":true}]}}