{"id":131353,"date":"2025-05-27T08:44:07","date_gmt":"2025-05-27T08:44:07","guid":{"rendered":"https:\/\/www.europesays.com\/fr\/131353\/"},"modified":"2025-05-27T08:44:07","modified_gmt":"2025-05-27T08:44:07","slug":"les-viaducs-de-pierre-benite-fermes-pour-le-pont-de-lascension","status":"publish","type":"post","link":"https:\/\/www.europesays.com\/fr\/131353\/","title":{"rendered":"les\u00a0viaducs de\u00a0Pierre-B\u00e9nite ferm\u00e9s pour le pont de l\u2019Ascension"},"content":{"rendered":"<p itemprop=\"description\"><strong>Deux nouveaux week-ends de coupures totales sur l&rsquo;autoroute A7 dans le sens sud-nord sont programm\u00e9s dans le cadre de la r\u00e9novation des viaducs de Pierre-B\u00e9nite.<\/strong><\/p>\n<p>Les automobilistes circulant entre Marseille et Lyon vont devoir \u00e0 nouveau s\u2019armer de patience. Apr\u00e8s <a href=\"https:\/\/www.lyonmag.com\/article\/143512\/travaux-sur-l-a7-pres-de-lyon-quatre-week-ends-de-fermeture-totale-des-viaducs-de-pierre-benite\" target=\"_blank\" rel=\"noopener\">deux premi\u00e8res fermetures d\u00e9but mai<\/a>, les usagers de la route devront faire face \u00e0 deux nouvelles interruptions compl\u00e8tes de l\u2019autoroute A7 dans le sens Marseille-Lyon, entre Pierre-B\u00e9nite et Saint-Fons.<\/p>\n<p>La troisi\u00e8me coupure aura lieu en plein week-end du pont de l&rsquo;Ascension, du <strong>mercredi 28 mai \u00e0 21h<\/strong> jusqu\u2019au <strong>dimanche 1er juin \u00e0 12h.\u00a0<\/strong>La quatri\u00e8me est quant \u00e0 elle pr\u00e9vue du vendredi 6 juin \u00e0 21h au lundi 9 juin \u00e0 12h.<\/p>\n<p>Le chantier, entam\u00e9 en janvier 2025, concerne la r\u00e9novation en profondeur des viaducs construits en 1966, qui pr\u00e9sentent aujourd\u2019hui des signes avanc\u00e9s de vieillissement : fissures, corrosion et d\u00e9fauts d\u2019\u00e9tanch\u00e9it\u00e9.<\/p>\n<p>Pendant les coupures, les usagers sont invit\u00e9s \u00e0 \u00e9viter le secteur en privil\u00e9giant\u00a0<strong>les itin\u00e9raires de d\u00e9lestage<\/strong>\u00a0recommand\u00e9s :\u00a0:\u00a0<strong>Rocade Est + A46<\/strong>,\u00a0<strong>D383 + BPNL<\/strong>, ou\u00a0<strong>D383 + A42 + A46<\/strong>.<\/p>\n","protected":false},"excerpt":{"rendered":"Deux nouveaux week-ends de coupures totales sur l&rsquo;autoroute A7 dans le sens sud-nord sont programm\u00e9s dans le cadre&hellip;\n","protected":false},"author":2,"featured_media":131354,"comment_status":"","ping_status":"","sticky":false,"template":"","format":"standard","meta":{"footnotes":""},"categories":[1889],"tags":[1111,11,2813,2190,2430,1109,251,1112,2811,1777,674,118,1011,27,1922,1110,1114,2428,2810,12,241,316,25,2812,517,800],"class_list":{"0":"post-131353","1":"post","2":"type-post","3":"status-publish","4":"format-standard","5":"has-post-thumbnail","7":"category-lyon","8":"tag-actu","9":"tag-actualites","10":"tag-article","11":"tag-asvel","12":"tag-auvergne-rhone-alpes","13":"tag-breves","14":"tag-culture","15":"tag-depeches","16":"tag-economique","17":"tag-eu","18":"tag-europe","19":"tag-faits-divers","20":"tag-fr","21":"tag-france","22":"tag-info","23":"tag-informations","24":"tag-infos","25":"tag-lyon","26":"tag-lyonmag","27":"tag-news","28":"tag-ol","29":"tag-politique","30":"tag-republique-francaise","31":"tag-sociale","32":"tag-sport","33":"tag-transports"},"share_on_mastodon":{"url":"https:\/\/pubeurope.com\/@fr\/114578919477453587","error":""},"_links":{"self":[{"href":"https:\/\/www.europesays.com\/fr\/wp-json\/wp\/v2\/posts\/131353","targetHints":{"allow":["GET"]}}],"collection":[{"href":"https:\/\/www.europesays.com\/fr\/wp-json\/wp\/v2\/posts"}],"about":[{"href":"https:\/\/www.europesays.com\/fr\/wp-json\/wp\/v2\/types\/post"}],"author":[{"embeddable":true,"href":"https:\/\/www.europesays.com\/fr\/wp-json\/wp\/v2\/users\/2"}],"replies":[{"embeddable":true,"href":"https:\/\/www.europesays.com\/fr\/wp-json\/wp\/v2\/comments?post=131353"}],"version-history":[{"count":0,"href":"https:\/\/www.europesays.com\/fr\/wp-json\/wp\/v2\/posts\/131353\/revisions"}],"wp:featuredmedia":[{"embeddable":true,"href":"https:\/\/www.europesays.com\/fr\/wp-json\/wp\/v2\/media\/131354"}],"wp:attachment":[{"href":"https:\/\/www.europesays.com\/fr\/wp-json\/wp\/v2\/media?parent=131353"}],"wp:term":[{"taxonomy":"category","embeddable":true,"href":"https:\/\/www.europesays.com\/fr\/wp-json\/wp\/v2\/categories?post=131353"},{"taxonomy":"post_tag","embeddable":true,"href":"https:\/\/www.europesays.com\/fr\/wp-json\/wp\/v2\/tags?post=131353"}],"curies":[{"name":"wp","href":"https:\/\/api.w.org\/{rel}","templated":true}]}}