{"id":131358,"date":"2025-05-27T08:47:08","date_gmt":"2025-05-27T08:47:08","guid":{"rendered":"https:\/\/www.europesays.com\/fr\/131358\/"},"modified":"2025-05-27T08:47:08","modified_gmt":"2025-05-27T08:47:08","slug":"chris-arnheim-britannique-porte-disparu-depuis-plusieurs-jours-a-ete-retrouve","status":"publish","type":"post","link":"https:\/\/www.europesays.com\/fr\/131358\/","title":{"rendered":"Chris Arnheim, britannique port\u00e9 disparu depuis plusieurs jours, a \u00e9t\u00e9 retrouv\u00e9"},"content":{"rendered":"<p>            Par<br \/>\n        <strong><br \/>\n            <a href=\"https:\/\/actu.fr\/auteur\/sarah-coulet\" title=\"Consulter tous les articles de Sarah Coulet\" rel=\"nofollow noopener\" target=\"_blank\">Sarah Coulet<\/a><br \/>\n        <\/strong><\/p>\n<p>        Publi\u00e9 le<\/p>\n<p>            27 mai 2025 \u00e0 9h56        <\/p>\n<p>Fin des recherches et des angoisses pour les proches de <strong>Chris Arnheim<\/strong>. Le touriste londonien \u00e2g\u00e9 de 65 ans, port\u00e9 disparu depuis le 22 mai 2025 \u00e0 Paris, a \u00e9t\u00e9 retrouv\u00e9 a appris <a href=\"https:\/\/actu.fr\/paris\/dernieres-actus\" rel=\"nofollow noopener\" target=\"_blank\">actu Paris<\/a>\u00a0aupr\u00e8s de l\u2019association Assistance et recherche de personnes disparues, confirmant une information du\u00a0<a href=\"https:\/\/www.leparisien.fr\/faits-divers\/chris-arnheim-atteint-de-la-maladie-de-parkinson-et-disparu-jeudi-dernier-a-paris-a-ete-retrouve-26-05-2025-7QKCACJV7ZFFFENLQQXHRWFNJ4.php\" rel=\"nofollow noopener\" target=\"_blank\">Parisien<\/a>.<\/p>\n<p>\u00c9gar\u00e9 place des Vosges<\/p>\n<p class=\" wall-content\">Le jour et le lieu o\u00f9 il a \u00e9t\u00e9 retrouv\u00e9 n\u2019ont pas \u00e9t\u00e9 communiqu\u00e9s, mais le sexag\u00e9naire serait actuellement dans un h\u00f4pital de Clamart. Son \u00e9tat de sant\u00e9 \u00e9tait au c\u0153ur des inqui\u00e9tudes de ses proches, le Britannique souffrant de la <strong>maladie de Parkinson<\/strong> et ayant besoin de prendre ses m\u00e9dicaments r\u00e9guli\u00e8rement.<\/p>\n<p class=\" wall-content\">Il avait \u00e9t\u00e9 aper\u00e7u pour la derni\u00e8re fois le 22\u00a0mai 2025, dans le quartier de la place des Vosges. Selon les informations du quotidien, il \u00e9tait venu \u00e0 Paris avec son fr\u00e8re pour voir un match \u00e0 <a href=\"https:\/\/actu.fr\/tag\/roland-garros\" rel=\"nofollow noopener\" target=\"_blank\">Roland-Garros<\/a>. En se baladant dans la ville apr\u00e8s avoir mang\u00e9 place des Vosges, il s\u2019\u00e9tait attard\u00e9 devant un <strong>spectacle de rue<\/strong>.\u00a0Son fr\u00e8re lui avait demand\u00e9 de ne pas trop s\u2019attarder mais Chris Arnheim n\u2019\u00e9tait pas rentr\u00e9.\u00a0L\u2019alerte avait donc \u00e9t\u00e9 donn\u00e9e et les recherches lanc\u00e9es.<\/p>\n<p class=\" wall-content\">Suivez toute l\u2019actualit\u00e9 de vos villes et m\u00e9dias favoris en vous inscrivant \u00e0 <a href=\"https:\/\/moncompte.actu.fr\" title=\"D\u00e9couvez Mon Actu\" rel=\"nofollow noopener\" data-trk=\"{&quot;cta&quot;:{&quot;action&quot;:&quot;https:\\\/\\\/moncompte.actu.fr&quot;,&quot;category&quot;:&quot;mon compte&quot;,&quot;from&quot;:&quot;article footer&quot;,&quot;name&quot;:&quot;Mon actu&quot;,&quot;type&quot;:&quot;cta&quot;}}\" target=\"_blank\">Mon Actu<\/a>.<\/p>\n<ul class=\"ac-article-tag wall-content\">\n<li><a href=\"https:\/\/actu.fr\/tag\/disparition\" data-trk=\"{&quot;cta&quot;:{&quot;action&quot;:&quot;Disparition inqui\\u00e9tante&quot;,&quot;category&quot;:&quot;tag&quot;,&quot;from&quot;:&quot;article footer&quot;,&quot;name&quot;:&quot;Disparition inqui\\u00e9tante&quot;,&quot;type&quot;:&quot;cta&quot;}}\" rel=\"nofollow noopener\" target=\"_blank\">#Disparition inqui\u00e9tante<\/a><\/li>\n<\/ul>\n","protected":false},"excerpt":{"rendered":"Par Sarah Coulet Publi\u00e9 le 27 mai 2025 \u00e0 9h56 Fin des recherches et des angoisses pour les&hellip;\n","protected":false},"author":2,"featured_media":131359,"comment_status":"","ping_status":"","sticky":false,"template":"","format":"standard","meta":{"footnotes":""},"categories":[1888],"tags":[1111,1928,11,1927,3676,1777,674,1011,27,12,1926,626,1925,25,104],"class_list":{"0":"post-131358","1":"post","2":"type-post","3":"status-publish","4":"format-standard","5":"has-post-thumbnail","7":"category-paris","8":"tag-actu","9":"tag-actu-paris","10":"tag-actualites","11":"tag-actualites-paris","12":"tag-disparition-inquietante","13":"tag-eu","14":"tag-europe","15":"tag-fr","16":"tag-france","17":"tag-news","18":"tag-news-paris","19":"tag-paris","20":"tag-paris-news","21":"tag-republique-francaise","22":"tag-societe"},"share_on_mastodon":{"url":"https:\/\/pubeurope.com\/@fr\/114578931528575873","error":""},"_links":{"self":[{"href":"https:\/\/www.europesays.com\/fr\/wp-json\/wp\/v2\/posts\/131358","targetHints":{"allow":["GET"]}}],"collection":[{"href":"https:\/\/www.europesays.com\/fr\/wp-json\/wp\/v2\/posts"}],"about":[{"href":"https:\/\/www.europesays.com\/fr\/wp-json\/wp\/v2\/types\/post"}],"author":[{"embeddable":true,"href":"https:\/\/www.europesays.com\/fr\/wp-json\/wp\/v2\/users\/2"}],"replies":[{"embeddable":true,"href":"https:\/\/www.europesays.com\/fr\/wp-json\/wp\/v2\/comments?post=131358"}],"version-history":[{"count":0,"href":"https:\/\/www.europesays.com\/fr\/wp-json\/wp\/v2\/posts\/131358\/revisions"}],"wp:featuredmedia":[{"embeddable":true,"href":"https:\/\/www.europesays.com\/fr\/wp-json\/wp\/v2\/media\/131359"}],"wp:attachment":[{"href":"https:\/\/www.europesays.com\/fr\/wp-json\/wp\/v2\/media?parent=131358"}],"wp:term":[{"taxonomy":"category","embeddable":true,"href":"https:\/\/www.europesays.com\/fr\/wp-json\/wp\/v2\/categories?post=131358"},{"taxonomy":"post_tag","embeddable":true,"href":"https:\/\/www.europesays.com\/fr\/wp-json\/wp\/v2\/tags?post=131358"}],"curies":[{"name":"wp","href":"https:\/\/api.w.org\/{rel}","templated":true}]}}