{"id":131384,"date":"2025-05-27T09:00:14","date_gmt":"2025-05-27T09:00:14","guid":{"rendered":"https:\/\/www.europesays.com\/fr\/131384\/"},"modified":"2025-05-27T09:00:14","modified_gmt":"2025-05-27T09:00:14","slug":"toute-la-france-derriere-le-psg-contre-linter-daniel-riolo-met-fin-au-debat","status":"publish","type":"post","link":"https:\/\/www.europesays.com\/fr\/131384\/","title":{"rendered":"Toute la France derri\u00e8re le PSG contre l\u2019Inter ? Daniel Riolo met fin au d\u00e9bat"},"content":{"rendered":"<p data-testid=\"article-teaser\">Supporter le PSG en finale ? Certains en r\u00eavent, d&rsquo;autres s&rsquo;en \u00e9tranglent. Daniel Riolo, lui, ne laisse planer aucun doute.<\/p>\n<p>\u00c0 mesure que la finale de la Ligue des champions approche, une vieille rengaine ressurgit dans les m\u00e9dias : faut-il, au nom du \u00ab\u00a0patriotisme footballistique\u00a0\u00bb, soutenir le PSG face \u00e0 l\u2019Inter Milan ? La question divise, exasp\u00e8re, et pour Daniel Riolo, elle ne devrait m\u00eame pas se poser. Le journaliste de RMC a claqu\u00e9 la porte du d\u00e9bat sans m\u00e9nagement, rappelant une r\u00e8gle simple : un supporter n\u2019est pas oblig\u00e9 d\u2019aimer son rival. Et encore moins de l\u2019encourager.<\/p>\n<p>L&rsquo;article continue ci-dessous<\/p>\n","protected":false},"excerpt":{"rendered":"Supporter le PSG en finale ? Certains en r\u00eavent, d&rsquo;autres s&rsquo;en \u00e9tranglent. Daniel Riolo, lui, ne laisse planer&hellip;\n","protected":false},"author":2,"featured_media":131385,"comment_status":"","ping_status":"","sticky":false,"template":"","format":"standard","meta":{"footnotes":""},"categories":[4],"tags":[11,1011,27,10317,447,2428,884,12,91,25361,25,4001],"class_list":{"0":"post-131384","1":"post","2":"type-post","3":"status-publish","4":"format-standard","5":"has-post-thumbnail","7":"category-france","8":"tag-actualites","9":"tag-fr","10":"tag-france","11":"tag-inter","12":"tag-ligue-des-champions","13":"tag-lyon","14":"tag-marseille","15":"tag-news","16":"tag-paris-saint-germain","17":"tag-paris-saint-germain-vs-inter","18":"tag-republique-francaise","19":"tag-saint-etienne"},"share_on_mastodon":{"url":"https:\/\/pubeurope.com\/@fr\/114578982514180556","error":""},"_links":{"self":[{"href":"https:\/\/www.europesays.com\/fr\/wp-json\/wp\/v2\/posts\/131384","targetHints":{"allow":["GET"]}}],"collection":[{"href":"https:\/\/www.europesays.com\/fr\/wp-json\/wp\/v2\/posts"}],"about":[{"href":"https:\/\/www.europesays.com\/fr\/wp-json\/wp\/v2\/types\/post"}],"author":[{"embeddable":true,"href":"https:\/\/www.europesays.com\/fr\/wp-json\/wp\/v2\/users\/2"}],"replies":[{"embeddable":true,"href":"https:\/\/www.europesays.com\/fr\/wp-json\/wp\/v2\/comments?post=131384"}],"version-history":[{"count":0,"href":"https:\/\/www.europesays.com\/fr\/wp-json\/wp\/v2\/posts\/131384\/revisions"}],"wp:featuredmedia":[{"embeddable":true,"href":"https:\/\/www.europesays.com\/fr\/wp-json\/wp\/v2\/media\/131385"}],"wp:attachment":[{"href":"https:\/\/www.europesays.com\/fr\/wp-json\/wp\/v2\/media?parent=131384"}],"wp:term":[{"taxonomy":"category","embeddable":true,"href":"https:\/\/www.europesays.com\/fr\/wp-json\/wp\/v2\/categories?post=131384"},{"taxonomy":"post_tag","embeddable":true,"href":"https:\/\/www.europesays.com\/fr\/wp-json\/wp\/v2\/tags?post=131384"}],"curies":[{"name":"wp","href":"https:\/\/api.w.org\/{rel}","templated":true}]}}