{"id":131402,"date":"2025-05-27T09:11:18","date_gmt":"2025-05-27T09:11:18","guid":{"rendered":"https:\/\/www.europesays.com\/fr\/131402\/"},"modified":"2025-05-27T09:11:18","modified_gmt":"2025-05-27T09:11:18","slug":"besancon-lhistoire-un-peu-compliquee-du-tableau-dauguste-renoir-vole-en-1991-lest-republicain","status":"publish","type":"post","link":"https:\/\/www.europesays.com\/fr\/131402\/","title":{"rendered":"Besan\u00e7on. L\u2019histoire un peu compliqu\u00e9e du tableau d\u2019Auguste Renoir vol\u00e9 en 1991 &#8211; L&#039;Est R\u00e9publicain"},"content":{"rendered":"<ol>\n<li><a href=\"https:\/\/news.google.com\/rss\/articles\/CBMixAFBVV95cUxNWGcxdHpQaUNZLVdDRTNEZ01oQjl1d205OHc3SnA0MHhmYmE3NE5ZTFFLTHE3bWUxellMcFZTNlFYWmFDUHZrc1R2dXN2cDluNkdlTm9hOHltZFdDX3VaLXpTTUtMWW5Wb1JDVk9KSE45MWQzdVhtNVZnNzEyR1dFMzV0UWttcmFtNmZET2UwYzlFWHlseFlkbWhNZmFtelc2bi1ZbVVzZWpBQzlVSEtlU2ZkclVFUm9CQkxhTE1DZUFnLVZw?oc=5\" target=\"_blank\" rel=\"noopener\">Besan\u00e7on. L\u2019histoire un peu compliqu\u00e9e du tableau d\u2019Auguste Renoir vol\u00e9 en 1991<\/a>&nbsp;&nbsp;L&rsquo;Est R\u00e9publicain<\/li>\n<li><a href=\"https:\/\/news.google.com\/rss\/articles\/CBMiggJBVV95cUxPTkFuWFE0ZzBWcTM0UWdBSGtKeXdJNFlaajgwVmx1SDFaMWZoNEpYTTNMb1FHUUhsSDU1ZjFSb0pSRGIybGtqTzJ6SUc4Rk51eUpwcVp4eEotNjF3dFlUdlQ2cFdsSnFBVlBEMTVwWUNkU3hiOVlOQWJ1djZPT183WllWbWZKSUNsTE1HN1BhV0JlS2Z2eEpqU0pvd2VtaGNmVktFSmVLN2dXVWlkV29MUTJlSDMwS2doSmV5MXR5YlpId2VneWhETXdTWlJjdDNzbWxhMXl3dDJJdEcySmYtV0ZWYS1fS2ZFVHFHRl9pd2l3Zm5XdEZyUXJXS0hYU1lWU0E?oc=5\" target=\"_blank\" rel=\"noopener\">\u0152uvres disparues, inventaire pas r\u00e9alis\u00e9 dans les temps&#8230; Que deviennent les \u0153uvres d&rsquo;art d\u00e9pos\u00e9es par l&rsquo;\u00c9tat dans le Cher<\/a>&nbsp;&nbsp;Le Berry R\u00e9publicain<\/li>\n<li><a href=\"https:\/\/news.google.com\/rss\/articles\/CBMiywFBVV95cUxPNE9aZkh2ZndFYVpjb20wX0hra09zZWZRQVpjN2JZWFluWlBpdWxRZzIzY3RXOVhEMXZkSFlwLVd1UTR1NWF1Vnc3TGxEU3RxZmpwSjFqeHJ6Y3hQVlFsVlJrTnJzeVY1LVhYMVFSRktrbXR0NmVwN0xDX3ZvMWJhWmVYSWZGenZYMmozdEFGUHFTMHhhdFlEZzRfVk83NXE0THdOMkdDRk4tLXhna0Z4LVU2T0htRksxeGJTZUJJdjZZQXdUMWxnQUVFRQ?oc=5\" target=\"_blank\" rel=\"noopener\">Doubs. Disparues ou vol\u00e9es, ces \u0153uvres d\u2019art qui manquent \u00e0 l\u2019appel dans le Doubs<\/a>&nbsp;&nbsp;L&rsquo;Est R\u00e9publicain<\/li>\n<li><a href=\"https:\/\/news.google.com\/rss\/articles\/CBMi2gJBVV95cUxOdTc0MU5jVmZLTmNETklsZUJqTHItOGlmWWRhUGZZWjh1WGR6X2kxc1d2Rlc1dW94UkRETFJNRE1tNEx4WVJYb2RRSFdKcHQ0SG9ZUE8zdHlzNWZrRHZ2cTFVTGNTb3F5YWtHVHVnajRkdGpwUDNTVS1RV2tLbGpjVVNqNTNMYVNrbXdyaDRWcG9ObkhIREdpV2JtT3Q5QXNIQldCRGEydFItN2IyejdEb3Fyblo5SnhUeEQta1IzZHRFMUc0WDNLZjRLZ3c0UEU2bEVXa1c5d0pOOEk5QXdHTG4tWEtyUDh1Mnd3YW1SNnY4elhFSFBlOEhXb3pHbzB1aVU3T0tMZ1BMTDlFNUxzU3g5S081ZGFvekZycWpEaDRTTGNaNFhiTTNubVNrU0YtSlNsc0xVdU0wMXRnS1Y0OWNKY3JpYjVEZmNlQ3lWUkh0RGlrd3dBX0ln?oc=5\" target=\"_blank\" rel=\"noopener\">Rapport 2025 de la Commission de r\u00e9colement des d\u00e9p\u00f4ts d&rsquo;\u0153uvres d&rsquo;art sur le Doubs<\/a>&nbsp;&nbsp;Minist\u00e8re de la Culture<\/li>\n<li><a href=\"https:\/\/news.google.com\/rss\/articles\/CBMi1gFBVV95cUxOaEpZakVxR180bktBcHREWUFCTVh0MjlMRDE2RkI2TlpvdXljNE1JS0dKb0NMTXNibjRLb2FiRFN4X294ZTB0Nk9sbDI2eGhDcTIxeTVJVWRfZFF5MGF0ZVJCUDc3TVFqUHdRZzkyRnJtczRaUkhxUmZqZGI3bFdDLXFQcXVzVmRnUERGTzFFS0NPMERKeWlhWDBraG13dG1XUjRSWmFCcU9PQWlrc2c0dlF4dU5tazg5eHF2T0Z0QzEtVEdMYUxYYXgwcTFXbE11Nk9sVWlB?oc=5\" target=\"_blank\" rel=\"noopener\">Doubs. Le difficile inventaire des biens de l\u2019\u00c9tat ou le cas particulier du mus\u00e9e comtois<\/a>&nbsp;&nbsp;L&rsquo;Est R\u00e9publicain<\/li>\n<\/ol>\n","protected":false},"excerpt":{"rendered":"Besan\u00e7on. L\u2019histoire un peu compliqu\u00e9e du tableau d\u2019Auguste Renoir vol\u00e9 en 1991&nbsp;&nbsp;L&rsquo;Est R\u00e9publicain \u0152uvres disparues, inventaire pas r\u00e9alis\u00e9&hellip;\n","protected":false},"author":2,"featured_media":131403,"comment_status":"","ping_status":"","sticky":false,"template":"","format":"standard","meta":{"footnotes":""},"categories":[1358],"tags":[1348,1384,1385,10112,14382,1687,1386,58,14383,2878,59,2271,1011,27,2661],"class_list":{"0":"post-131402","1":"post","2":"type-post","3":"status-publish","4":"format-standard","5":"has-post-thumbnail","7":"category-arts-et-design","8":"tag-arts","9":"tag-arts-and-design","10":"tag-arts-et-design","11":"tag-besancon","12":"tag-besancon-ville-25a","13":"tag-culture-loisirs","14":"tag-design","15":"tag-divertissement","16":"tag-edition-besancon","17":"tag-encadre","18":"tag-entertainment","19":"tag-exposition-arts-plastiques","20":"tag-fr","21":"tag-france","22":"tag-patrimoine-culturel"},"share_on_mastodon":{"url":"https:\/\/pubeurope.com\/@fr\/114579025759131489","error":""},"_links":{"self":[{"href":"https:\/\/www.europesays.com\/fr\/wp-json\/wp\/v2\/posts\/131402","targetHints":{"allow":["GET"]}}],"collection":[{"href":"https:\/\/www.europesays.com\/fr\/wp-json\/wp\/v2\/posts"}],"about":[{"href":"https:\/\/www.europesays.com\/fr\/wp-json\/wp\/v2\/types\/post"}],"author":[{"embeddable":true,"href":"https:\/\/www.europesays.com\/fr\/wp-json\/wp\/v2\/users\/2"}],"replies":[{"embeddable":true,"href":"https:\/\/www.europesays.com\/fr\/wp-json\/wp\/v2\/comments?post=131402"}],"version-history":[{"count":0,"href":"https:\/\/www.europesays.com\/fr\/wp-json\/wp\/v2\/posts\/131402\/revisions"}],"wp:featuredmedia":[{"embeddable":true,"href":"https:\/\/www.europesays.com\/fr\/wp-json\/wp\/v2\/media\/131403"}],"wp:attachment":[{"href":"https:\/\/www.europesays.com\/fr\/wp-json\/wp\/v2\/media?parent=131402"}],"wp:term":[{"taxonomy":"category","embeddable":true,"href":"https:\/\/www.europesays.com\/fr\/wp-json\/wp\/v2\/categories?post=131402"},{"taxonomy":"post_tag","embeddable":true,"href":"https:\/\/www.europesays.com\/fr\/wp-json\/wp\/v2\/tags?post=131402"}],"curies":[{"name":"wp","href":"https:\/\/api.w.org\/{rel}","templated":true}]}}