{"id":131404,"date":"2025-05-27T09:12:09","date_gmt":"2025-05-27T09:12:09","guid":{"rendered":"https:\/\/www.europesays.com\/fr\/131404\/"},"modified":"2025-05-27T09:12:09","modified_gmt":"2025-05-27T09:12:09","slug":"les-meilleurs-romans-de-virginie-grimaldi","status":"publish","type":"post","link":"https:\/\/www.europesays.com\/fr\/131404\/","title":{"rendered":"Les meilleurs romans de Virginie Grimaldi"},"content":{"rendered":"<p>Depuis son premier roman paru en 2015, Virginie Grimaldi a conquis le c\u0153ur de nombreux lecteurs. Elle fait partie aujourd\u2019hui du cercle tr\u00e8s ferm\u00e9 des auteurs les plus lus en France. La sortie de son nouveau livre est l\u2019occasion de revenir sur sa carri\u00e8re litt\u00e9raire fulgurante. Autrice prolifique d\u2019une quinzaine d\u2019ouvrages, son \u0153uvre, traduite en 20 langues, se conjugue d\u00e9sormais \u00e0 l\u2019international. Avec cette s\u00e9lection, c\u2019est le moment de faire le point !<\/p>\n<p>                            <strong>Les heures fragiles (2025)<\/strong><\/p>\n<p>Pr\u00e9sent\u00e9 par certains comme le meilleur roman de <a href=\"https:\/\/www.fnac.com\/Virginie-Grimaldi\/ia3499646\" target=\"_blank\" rel=\"noopener\">Virginie Grimaldi<\/a>, <a href=\"https:\/\/www.fnac.com\/o11482763\/Les-heures-fragiles\/w-4\" target=\"_blank\" rel=\"noopener\"><strong>Les Heures fragiles<\/strong><\/a> s\u2019attache \u00e0 r\u00e9parer les liens entre une m\u00e8re que le mari vient de quitter et sa fille qui essuie son premier chagrin d\u2019amour. Une r\u00e9sonance \u00e9motionnelle na\u00eet entre elles. De ce double abandon, une est en grand danger.\u00a0Les Heures fragiles sont celles de l\u2019adolescence. Malgr\u00e9 la peine, la maman va devoir reprendre son r\u00f4le maternel pour sauver son enfant. Un roman bouleversant dans lequel beaucoup pourront se reconna\u00eetre. Gr\u00e2ce \u00e0 la patte de l\u2019auteure, ce n\u2019est pas un livre plombant mais au contraire un <a href=\"https:\/\/www.fnac.com\/s20\/Roman-et-Nouvelles\" target=\"_blank\" rel=\"noopener\">roman<\/a> plein d\u2019humour et de tendresse.<\/p>\n<p><strong class=\"small\">En stock<\/strong><\/p>\n<p>        Acheter sur Fnac.com<\/p>\n<p><strong>Plus grand que le ciel (2024)<\/strong><\/p>\n<p><strong><a href=\"https:\/\/www.fnac.com\/o11467357\/Plus-grand-que-le-ciel\/w-4\" target=\"_blank\" rel=\"noopener\">Plus grand que le ciel<\/a><\/strong>\u00a0est s\u00fbrement son roman le plus personnel.\u00a0\u00c0 travers\u00a0la rencontre de deux \u00eatres caboss\u00e9s par la vie, Virginie Grimaldi met \u00e0 jour deux facettes de sa propre personnalit\u00e9. Elsa et Vincent se croisent chaque semaine dans la salle d\u2019attente de leur psychiatre. Elle vient de perdre son p\u00e8re quand lui cache un lourd secret. Elle est conseill\u00e8re fun\u00e9raire, mais essaie de voir toujours la vie du bon c\u00f4t\u00e9. Il est un \u00e9crivain populaire qui se pose de nombreuses questions sur la finalit\u00e9 de son \u00e9criture l\u00e9g\u00e8re. Toujours dr\u00f4le et sensible, ce roman de Virginie Grimaldi\u00a0saura vous enchanter malgr\u00e9 l\u2019adversit\u00e9.<\/p>\n<p><strong class=\"small\">En stock<\/strong><\/p>\n<p>        Acheter sur Fnac.com<\/p>\n<p><strong>Son premier roman : Le Premier Jour du reste de ma vie (2015)<\/strong><\/p>\n<p>Sur le th\u00e8me du \u00ab\u00a0tout quitter\u00a0\u00bb Virginie Grimaldi apporte sa fra\u00eecheur et son inventivit\u00e9 avec ce premier roman d\u00e9capant. Son personnage principal pr\u00e9nomm\u00e9 Marie largue son mari le jour de ses 40 ans. C\u2019est le plus beau cadeau qu\u2019elle pouvait offrir, autant \u00e0 lui qu\u2019\u00e0 elle-m\u00eame. S\u2019ensuit alors une \u00e9chapp\u00e9e en bateau autour du monde, pendant laquelle elle rencontre deux autres femmes, elles aussi en qu\u00eate d\u2019une nouvelle vie. Pour Marie c\u2019est ici que tout commence, c\u2019est<strong> <a href=\"https:\/\/www.fnac.com\/o11393011\/Le-premier-jour-du-reste-de-ma-vie\/w-4\" target=\"_blank\" rel=\"noopener\">Le Premier jour du reste de ma vie<\/a><\/strong>.<\/p>\n<p><strong class=\"small\">En stock<\/strong><\/p>\n<p>        Acheter sur Fnac.com<\/p>\n<p><strong>Tu comprendras quand tu seras plus grande (2016)<\/strong><\/p>\n<p>Alors qu\u2019elle doit aider les r\u00e9sidents d\u2019une maison de retraite \u00e0 supporter leur fin de vie, Julia, une jeune psychologue d\u00e9prim\u00e9e, retrouve la joie de vivre \u00e0 leur contact. Elle d\u00e9couvrira que les pensionnaires ont beaucoup de choses \u00e0 lui apprendre, notamment le pouvoir extraordinaire du bonheur. <strong><a href=\"https:\/\/www.fnac.com\/o10339720\/Tu-comprendras-quand-tu-seras-plus-grande\/w-4\" target=\"_blank\" rel=\"noopener\">Tu comprendras quand tu seras grande<\/a><\/strong> est un tr\u00e8s joli roman de r\u00e9silience.<\/p>\n<p><strong class=\"small\">En stock<\/strong><\/p>\n<p>        Acheter sur Fnac.com<\/p>\n<p><strong>Le parfum du bonheur est plus fort sous la pluie (2017)<\/strong><\/p>\n<p>Lorsque Ben demande le divorce, Pauline s\u2019effondre. Pourtant, avec acharnement, elle ne va pas renoncer et tenter de le reconqu\u00e9rir. L\u2019homme de sa vie ne peut pas lui \u00e9chapper. Virginie Grimaldi redonne une fois de plus le go\u00fbt \u00e0 la vie \u00e0 travers un amour inconditionnel. C\u2019est le pouvoir de ce sentiment qui soul\u00e8ve les montagnes qu\u2019elle d\u00e9crit tr\u00e8s bien dans <strong><a href=\"https:\/\/www.fnac.com\/o11391058\/Le-parfum-du-bonheur-est-plus-fort-sous-la-pluie\/w-4\" target=\"_blank\" rel=\"noopener\">Le Parfum du bonheur est plus fort sous la pluie<\/a><\/strong>. Un roman dans lequel beaucoup ont pu s\u2019identifier et qui \u00e9meut jusqu\u2019aux larmes.<\/p>\n<p><strong class=\"small\">En stock<\/strong><\/p>\n<p>        Acheter sur Fnac.com<\/p>\n<p><strong>Il est grand temps de rallumer les \u00e9toiles (2018)<\/strong><\/p>\n<p>Ce titre est une invitation au bonheur. <strong><a href=\"https:\/\/www.fnac.com\/o11392328\/Il-est-grand-temps-de-rallumer-les-etoiles\/w-4\" target=\"_blank\" rel=\"noopener\">Il est grand temps de rallumer les \u00e9toiles<\/a><\/strong> est un vers d\u2019<a href=\"https:\/\/www.fnac.com\/Guillaume-Apollinaire\/ia14477\" target=\"_blank\" rel=\"noopener\">Apollinaire<\/a> extrait du prologue de sa pi\u00e8ce de th\u00e9\u00e2tre <a href=\"https:\/\/www.fnac.com\/a107750\/Guillaume-Apollinaire-L-Enchanteur-pourrissant-Les-Mamelles-de-Tiresias-Couleur-du-temps\" target=\"_blank\" rel=\"noopener\">Les Mamelles de Tir\u00e9sias<\/a>. Harcel\u00e9e par les huissiers et voyant la joie de ses filles se d\u00e9filer, Anna d\u00e9cide prendre le taureau par les cornes et d\u2019emmener sa petite famille en camping-car sur les routes de la Scandinavie. Selon un adage tr\u00e8s \u00ab\u00a0grimaldien\u00a0\u00bb si on ne peut pas \u00e9chapper \u00e0 son destin, on peut prendre un autre chemin. Dans ce roman, l\u2019autrice\u00a0nous fait rire, pleurer, mais on finit toujours par garder le sourire et la foi en l\u2019avenir malgr\u00e9 les coups durs de la vie. Elu Livre favori des Fran\u00e7ais 2022 dans un grand sondage national, c\u2019est un des plus gros succ\u00e8s de Virginie Grimaldi.<\/p>\n<p><strong class=\"small\">En stock<\/strong><\/p>\n<p>        Acheter sur Fnac.com<\/p>\n<p><strong>Quand nos souvenirs viendront danser (2019)<\/strong><\/p>\n<p>L\u2019impasse des Colibris est une ruelle r\u00e9sidentielle qui abrite le bonheur de ses habitants depuis 63 ans. Une pl\u00e9nitude qui s\u2019est tout de m\u00eame transform\u00e9e au fil des ans en besoin de tranquillit\u00e9. Si \u00e0 la construction du lotissement la solidarit\u00e9 \u00e9tait de mise, aujourd\u2019hui l\u2019heure est plut\u00f4t au repli sur soi. Les haies des jardins ont pouss\u00e9 suffisamment haut pour se cacher de la vue des voisins et \u00e9viter de se parler. Un \u00e9v\u00e9nement va pourtant rassembler l\u2019ensemble des r\u00e9sidents. Un promoteur veut racheter l\u2019impasse et raser ses habitations. Cette menace sur le collectif va faire taire les individualit\u00e9s bless\u00e9es par des secrets bien enfouis.\u00a0Virginie Grimaldi\u00a0s\u2019amuse \u00e0 faire valser les sentiments dans ce livre qui n\u2019est ni un drame ni une com\u00e9die.\u00a0<strong><a href=\"https:\/\/www.fnac.com\/o11391878\/Quand-nos-souvenirs-viendront-danser\/w-4\" target=\"_blank\" rel=\"noopener\">Quand nos souvenirs viendront danser<\/a><\/strong>\u00a0est un roman bouleversant et plein de malice.<\/p>\n<p><strong class=\"small\">En stock<\/strong><\/p>\n<p>        Acheter sur Fnac.com<\/p>\n<p><strong>Et que ne durent que les moments doux (2020)<\/strong><\/p>\n<p>C\u2019est l\u2019histoire de deux mamans. Lili vient de donner naissance \u00e0 une petite fille. Arriv\u00e9e trop t\u00f4t, ce petit \u00eatre pr\u00e9matur\u00e9 va prendre tr\u00e8s vite une place gigantesque dans sa vie. Elise voit ses grands enfants quitter le foyer pour faire leurs propres vies et laisser dans la sienne un vide immense. L\u2019une doit apprendre \u00e0 \u00eatre m\u00e8re \u00e0 temps plein, quand l\u2019autre doit apprendre \u00e0 \u00eatre m\u00e8re \u00e0 la retraite.<br \/>Deux histoires de vie banales que\u00a0<a href=\"https:\/\/www.fnac.com\/Virginie-Grimaldi\/ia3499646\" target=\"_blank\" rel=\"noopener\">l<\/a>a romanci\u00e8re\u00a0raconte avec beaucoup d\u2019\u00e9motions. Toujours sur un fil qu\u2019elle conna\u00eet bien,\u00a0<strong><a href=\"https:\/\/www.fnac.com\/o11322248\/Et-que-ne-durent-que-les-moments-doux\/w-4\" target=\"_blank\" rel=\"noopener\">Et que ne durent que les moments doux<\/a><\/strong>\u00a0nous place en \u00e9quilibre entre rires et larmes, avec en point de mire la beaut\u00e9 du lien maternel.<\/p>\n<p><strong class=\"small\">En stock<\/strong><\/p>\n<p>        Acheter sur Fnac.com<\/p>\n<p><strong>Les Possibles (2021)<\/strong><\/p>\n<p>La vie de Juliane est un quotidien bien rang\u00e9, qui laisse peu de place \u00e0 la surprise. Lorsqu\u2019apr\u00e8s l\u2019incendie de sa maison, son p\u00e8re d\u00e9barque chez elle, c\u2019est une r\u00e9volution. Au contraire de sa fille, Jean est fantasque. Mais ce que tout le monde a toujours consid\u00e9r\u00e9 comme de l\u2019originalit\u00e9 chez cet homme semble se transformer en quelque chose de plus pernicieux. Un jour, Juliane doit se rendre \u00e0 l\u2019\u00e9vidence, son p\u00e8re perd la t\u00eate. C\u2019est alors un nouvel homme qu\u2019elle va apprendre \u00e0 conna\u00eetre. Les failles mais aussi les r\u00eaves de cet homme qu\u2019elle a toujours connu organiseront d\u00e9sormais son existence. Dans <a href=\"https:\/\/www.fnac.com\/o11406317\/Les-possibles\/w-4\" target=\"_blank\" rel=\"noopener\">Les Possibles<\/a>, Virginie Grimaldi met de la l\u00e9g\u00e8ret\u00e9 dans un des moments les plus difficiles de la vie : la vieillesse et la d\u00e9ch\u00e9ance qui l\u2019accompagne. Une fa\u00e7on de voir qu\u2019il est toujours possible de faire quelque chose dans la limite de ses moyens.<\/p>\n<p><strong class=\"small\">En stock<\/strong><\/p>\n<p>        Acheter sur Fnac.com<\/p>\n<p><strong>Il nous restera \u00e7a (2022)<\/strong><\/p>\n<p>En r\u00e9unissant un jeune homme d\u00e9sabus\u00e9 de 18 ans, une femme de 33 ans qui ne poss\u00e8de plus qu\u2019une valise et son contenu ainsi qu\u2019une dame de 74 ans pour qui la vie semble r\u00e9volue, Virginie Grimaldi cr\u00e9e la prouesse de mettre des mots doux sur la pr\u00e9carit\u00e9, l\u2019isolement et la vieillesse. <strong><a href=\"https:\/\/www.fnac.com\/o11421859\/Il-nous-restera-ca\/w-4\" target=\"_blank\" rel=\"noopener\">Il nous restera \u00e7a<\/a><\/strong> est l\u2019histoire de trois solitudes r\u00e9unies pour retrouver le go\u00fbt de vivre. Une rencontre inattendue qui se r\u00e9v\u00e8lera salvatrice pour ses protagonistes mais aussi pour nous lecteurs.<\/p>\n<p><strong class=\"small\">En stock<\/strong><\/p>\n<p>        Acheter sur Fnac.com<\/p>\n<p><strong>Une belle vie (2023)<\/strong><\/p>\n<p>Les soeurs Delorme ont \u00e9t\u00e9 proches durant toute leur enfance. De caract\u00e8res radicalement diff\u00e9rents, l\u2019\u00e2ge adulte les aura \u00e9loign\u00e9es. La mort de leur grand-m\u00e8re ador\u00e9e va les r\u00e9unir une nouvelle fois. Il faut vider la maison mais aussi son sac de souvenirs. Il n\u2019est jamais trop tard pour rattraper le temps perdu. <strong><a href=\"https:\/\/www.fnac.com\/o11444596\/Une-belle-vie\/w-4\" target=\"_blank\" rel=\"noopener\">Une belle vie<\/a><\/strong> c\u2019est celle de leur a\u00efeule mais aussi celle qu\u2019elle s\u2019appr\u00eate \u00e0 reconstruire ensemble. Une fois de plus, l\u2019autrice\u00a0trouve les mots qui r\u00e9parent dans un tr\u00e8s bel hommage \u00e0 la sororit\u00e9.<\/p>\n<p><strong class=\"small\">En stock<\/strong><\/p>\n<p>        Acheter sur Fnac.com<\/p>\n<p><strong>Trois recueils<\/strong><\/p>\n<p>Ayant commenc\u00e9 \u00e0 exercer son \u00e9criture dans un blog personnel, Virginie Grimaldi est \u00e0 l\u2019aise avec la communication digitale. Con\u00e7ues comme des cartes postales humoristiques destin\u00e9es \u00e0 sa grand-m\u00e8re, elle publie des textes courts rassembl\u00e9s dans trois recueils :\u00a0<strong><a href=\"https:\/\/www.fnac.com\/a12617198\/Virginie-Grimaldi-Chere-Mamie\" target=\"_blank\" rel=\"noopener\">Ch\u00e8re Mamie<\/a><\/strong> en 2018, <strong><a href=\"https:\/\/www.fnac.com\/a14988638\/Virginie-Grimaldi-Chere-Mamie-au-pays-du-confinement\" target=\"_blank\" rel=\"noopener\">Ch\u00e8re Mamie au pays du confinement<\/a><\/strong> en 2020 et enfin <strong><a href=\"https:\/\/www.fnac.com\/a18272061\/Virginie-Grimaldi-Chere-Mamie-tu-vas-rire\" target=\"_blank\" rel=\"noopener\">Ch\u00e8re Mamie, tu vas rire\u2026<\/a><\/strong> en 2023. Les b\u00e9n\u00e9fices de ces ouvrages particuliers sont toujours revers\u00e9s \u00e0 des associations caritatives. A l\u2019origine publi\u00e9s sur Instagram, ces recueils disponibles uniquement au format poche sont de jolies parenth\u00e8ses entre ses romans et un beau moyen de d\u00e9couvrir l\u2019espi\u00e8glerie sensible de l\u2019autrice.<\/p>\n<p><strong class=\"small\">En stock vendeur partenaire<\/strong><\/p>\n<p>        Voir sur Fnac.com<\/p>\n<p><strong class=\"small\">En stock<\/strong><\/p>\n<p>        Acheter sur Fnac.com<\/p>\n<p><strong class=\"small\">En stock<\/strong><\/p>\n<p>        Acheter sur Fnac.com<\/p>\n","protected":false},"excerpt":{"rendered":"Depuis son premier roman paru en 2015, Virginie Grimaldi a conquis le c\u0153ur de nombreux lecteurs. Elle fait&hellip;\n","protected":false},"author":2,"featured_media":131405,"comment_status":"","ping_status":"","sticky":false,"template":"","format":"standard","meta":{"footnotes":""},"categories":[1357],"tags":[1379,58,59,25558,1011,27,25559,1351,1380,25560],"class_list":{"0":"post-131404","1":"post","2":"type-post","3":"status-publish","4":"format-standard","5":"has-post-thumbnail","7":"category-livres","8":"tag-books","9":"tag-divertissement","10":"tag-entertainment","11":"tag-feel-good","12":"tag-fr","13":"tag-france","14":"tag-journal-dun-libraire","15":"tag-litterature","16":"tag-livres","17":"tag-selection-livre"},"share_on_mastodon":{"url":"https:\/\/pubeurope.com\/@fr\/114579029665166816","error":""},"_links":{"self":[{"href":"https:\/\/www.europesays.com\/fr\/wp-json\/wp\/v2\/posts\/131404","targetHints":{"allow":["GET"]}}],"collection":[{"href":"https:\/\/www.europesays.com\/fr\/wp-json\/wp\/v2\/posts"}],"about":[{"href":"https:\/\/www.europesays.com\/fr\/wp-json\/wp\/v2\/types\/post"}],"author":[{"embeddable":true,"href":"https:\/\/www.europesays.com\/fr\/wp-json\/wp\/v2\/users\/2"}],"replies":[{"embeddable":true,"href":"https:\/\/www.europesays.com\/fr\/wp-json\/wp\/v2\/comments?post=131404"}],"version-history":[{"count":0,"href":"https:\/\/www.europesays.com\/fr\/wp-json\/wp\/v2\/posts\/131404\/revisions"}],"wp:featuredmedia":[{"embeddable":true,"href":"https:\/\/www.europesays.com\/fr\/wp-json\/wp\/v2\/media\/131405"}],"wp:attachment":[{"href":"https:\/\/www.europesays.com\/fr\/wp-json\/wp\/v2\/media?parent=131404"}],"wp:term":[{"taxonomy":"category","embeddable":true,"href":"https:\/\/www.europesays.com\/fr\/wp-json\/wp\/v2\/categories?post=131404"},{"taxonomy":"post_tag","embeddable":true,"href":"https:\/\/www.europesays.com\/fr\/wp-json\/wp\/v2\/tags?post=131404"}],"curies":[{"name":"wp","href":"https:\/\/api.w.org\/{rel}","templated":true}]}}